{"id":5205,"date":"2026-04-04T14:16:55","date_gmt":"2026-04-04T14:16:55","guid":{"rendered":"https:\/\/arsvitrea.pl\/?p=5205"},"modified":"2026-04-04T14:16:55","modified_gmt":"2026-04-04T14:16:55","slug":"zyczenia-z-okazji-swiat-wielkiej-nocy-2026","status":"publish","type":"post","link":"https:\/\/arsvitrea.pl\/index.php\/2026\/04\/04\/zyczenia-z-okazji-swiat-wielkiej-nocy-2026\/","title":{"rendered":"\u017byczenia z okazji \u015awi\u0105t Wielkiej Nocy 2026"},"content":{"rendered":"<p class=\"isSelectedEnd\"><strong>Drodzy Cz\u0142onkowie Stowarzyszenia Mi\u0142o\u015bnik\u00f3w Witra\u017cy Ars Vitrea Polona,<\/strong><br \/>\n<strong>Szanowni Przyjaciele i Sympatycy,<\/strong><\/p>\n<p class=\"isSelectedEnd\">w ten szczeg\u00f3lny czas Wielkiej Soboty, kiedy cisza i skupienie prowadz\u0105 nas ku rado\u015bci poranka Zmartwychwstania, pragn\u0119 skierowa\u0107 do Pa\u0144stwa najserdeczniejsze \u017cyczenia wielkanocne.<\/p>\n<p class=\"isSelectedEnd\">Niech \u015awi\u0119ta Wielkiej Nocy przynios\u0105 do Waszych serc \u015bwiat\u0142o nadziei \u2013 takie, jakie przenika przez barwne tafle witra\u017cy, roz\u015bwietlaj\u0105c wn\u0119trza \u015bwi\u0105ty\u0144 i naszych dusz. Niech b\u0119d\u0105 czasem odrodzenia, pokoju i g\u0142\u0119bokiej rado\u015bci p\u0142yn\u0105cej z tajemnicy \u017cycia, kt\u00f3re zwyci\u0119\u017ca \u015bmier\u0107.<\/p>\n<p class=\"isSelectedEnd\">\u017bycz\u0119 Pa\u0144stwu, aby ten \u015bwi\u0105teczny czas umocni\u0142 w nas wszystkich to, co najpi\u0119kniejsze \u2013 wra\u017cliwo\u015b\u0107 na pi\u0119kno, potrzeb\u0119 tworzenia i dzielenia si\u0119 dobrem. Niech inspiracja, kt\u00f3r\u0105 odnajdujemy w sztuce witra\u017cu, nadal prowadzi nas ku \u015bwiat\u0142u, harmonii i wsp\u00f3lnocie.<\/p>\n<p class=\"isSelectedEnd\">Niech spotkania przy wielkanocnym stole b\u0119d\u0105 pe\u0142ne ciep\u0142a, \u017cyczliwo\u015bci i blisko\u015bci, a wiosenne odradzanie si\u0119 \u015bwiata stanie si\u0119 dla nas \u017ar\u00f3d\u0142em nowych si\u0142, pomys\u0142\u00f3w i tw\u00f3rczej energii.<\/p>\n<p class=\"isSelectedEnd\">Z ca\u0142ego serca \u017cycz\u0119 Pa\u0144stwu zdrowia, pogody ducha oraz wielu chwil prawdziwej rado\u015bci \u2013 zar\u00f3wno w \u017cyciu osobistym, jak i w naszej wsp\u00f3lnej pasji, kt\u00f3r\u0105 jest umi\u0142owanie witra\u017cu.<\/p>\n<p class=\"isSelectedEnd\">Radosnego Alleluja!<\/p>\n<p>Z wyrazami szacunku i serdeczno\u015bci,<br \/>\nAndrzej Bochacz<\/p>\n","protected":false},"excerpt":{"rendered":"<p>Drodzy Cz\u0142onkowie Stowarzyszenia Mi\u0142o\u015bnik\u00f3w Witra\u017cy Ars Vitrea Polona, Szanowni Przyjaciele i Sympatycy, w ten szczeg\u00f3lny czas Wielkiej Soboty, kiedy cisza i skupienie prowadz\u0105 nas ku rado\u015bci poranka Zmartwychwstania, pragn\u0119 skierowa\u0107 do Pa\u0144stwa najserdeczniejsze \u017cyczenia wielkanocne. Niech \u015awi\u0119ta Wielkiej Nocy przynios\u0105 do Waszych serc \u015bwiat\u0142o nadziei \u2013 takie, jakie przenika przez barwne tafle witra\u017cy, roz\u015bwietlaj\u0105c wn\u0119trza [&hellip;]<\/p>\n","protected":false},"author":1,"featured_media":5204,"comment_status":"open","ping_status":"open","sticky":false,"template":"","format":"standard","meta":{"footnotes":""},"categories":[9],"tags":[],"class_list":["post-5205","post","type-post","status-publish","format-standard","has-post-thumbnail","hentry","category-ogloszenia"],"_links":{"self":[{"href":"https:\/\/arsvitrea.pl\/index.php\/wp-json\/wp\/v2\/posts\/5205","targetHints":{"allow":["GET"]}}],"collection":[{"href":"https:\/\/arsvitrea.pl\/index.php\/wp-json\/wp\/v2\/posts"}],"about":[{"href":"https:\/\/arsvitrea.pl\/index.php\/wp-json\/wp\/v2\/types\/post"}],"author":[{"embeddable":true,"href":"https:\/\/arsvitrea.pl\/index.php\/wp-json\/wp\/v2\/users\/1"}],"replies":[{"embeddable":true,"href":"https:\/\/arsvitrea.pl\/index.php\/wp-json\/wp\/v2\/comments?post=5205"}],"version-history":[{"count":1,"href":"https:\/\/arsvitrea.pl\/index.php\/wp-json\/wp\/v2\/posts\/5205\/revisions"}],"predecessor-version":[{"id":5206,"href":"https:\/\/arsvitrea.pl\/index.php\/wp-json\/wp\/v2\/posts\/5205\/revisions\/5206"}],"wp:featuredmedia":[{"embeddable":true,"href":"https:\/\/arsvitrea.pl\/index.php\/wp-json\/wp\/v2\/media\/5204"}],"wp:attachment":[{"href":"https:\/\/arsvitrea.pl\/index.php\/wp-json\/wp\/v2\/media?parent=5205"}],"wp:term":[{"taxonomy":"category","embeddable":true,"href":"https:\/\/arsvitrea.pl\/index.php\/wp-json\/wp\/v2\/categories?post=5205"},{"taxonomy":"post_tag","embeddable":true,"href":"https:\/\/arsvitrea.pl\/index.php\/wp-json\/wp\/v2\/tags?post=5205"}],"curies":[{"name":"wp","href":"https:\/\/api.w.org\/{rel}","templated":true}]}}