{"id":4896,"date":"2015-10-23T15:00:41","date_gmt":"2015-10-23T15:00:41","guid":{"rendered":"https:\/\/arsvitrea.pl\/?p=4896"},"modified":"2024-08-23T15:08:42","modified_gmt":"2024-08-23T15:08:42","slug":"kaplica-grobowa-potockich-i-zamoyskich-w-kamionce","status":"publish","type":"post","link":"https:\/\/arsvitrea.pl\/index.php\/2015\/10\/23\/kaplica-grobowa-potockich-i-zamoyskich-w-kamionce\/","title":{"rendered":"Kaplica grobowa Potockich i Zamoyskich w Kamionce"},"content":{"rendered":"\t\t<div data-elementor-type=\"wp-post\" data-elementor-id=\"4896\" class=\"elementor elementor-4896\" data-elementor-post-type=\"post\">\n\t\t\t\t<div class=\"elementor-element elementor-element-34714685 e-flex e-con-boxed e-con e-parent\" data-id=\"34714685\" data-element_type=\"container\" data-e-type=\"container\">\n\t\t\t\t\t<div class=\"e-con-inner\">\n\t\t\t\t<div class=\"elementor-element elementor-element-6edc482a elementor-widget elementor-widget-text-editor\" data-id=\"6edc482a\" data-element_type=\"widget\" data-e-type=\"widget\" data-settings=\"{&quot;ekit_we_effect_on&quot;:&quot;none&quot;}\" data-widget_type=\"text-editor.default\">\n\t\t\t\t<div class=\"elementor-widget-container\">\n\t\t\t\t\t\t\t\t\t<p>Podczas IX konferencji naukowej Stowarzyszenia Mi\u0142o\u015bnik\u00f3w Witra\u017cy w Lublinie\u00a0 w dniu 10 pa\u017adziernika 2015 r. odby\u0142a si\u0119 wycieczka do najbardziej wyj\u0105tkowych zabytk\u00f3w architektury sakralnej na Lubelszczy\u017anie.<\/p><p><span style=\"color: var( --e-global-color-text ); font-family: var( --e-global-typography-text-font-family ), Sans-serif; font-weight: var( --e-global-typography-text-font-weight ); text-align: var(--text-align); font-size: 1rem;\">Jednym z etap\u00f3w by\u0142a inspiruj\u0105ca wizyta w kaplicy grobowej Anieli z Potockich i Konstantego Zamoyskich w Kamionce. To malownicze miejsce, ukryte w sercu Lubelszczyzny, okaza\u0142o si\u0119 prawdziwym skarbem zar\u00f3wno pod wzgl\u0119dem historycznym, jak i artystycznym.<\/span><\/p><p><span style=\"color: var( --e-global-color-text ); font-family: var( --e-global-typography-text-font-family ), Sans-serif; font-weight: var( --e-global-typography-text-font-weight ); text-align: var(--text-align); font-size: 1rem;\">Kaplica grobowa, po\u0142o\u017cona na cmentarzu rzymskokatolickim we wsi Kamionka, stanowi jedno z najcenniejszych dziedzictw narodowych regionu. Zbudowana w latach 1890-1893, zosta\u0142a zaprojektowana w stylu neogotyckim, a jej fundatorami byli w\u0142a\u015bciciele maj\u0105tku Koz\u0142\u00f3wka, Aniela z Potockich i Konstanty Zamoyscy. To w\u0142a\u015bnie oni zostali pochowani w kryptach tego niezwyk\u0142ego obiektu. Kaplica, mimo up\u0142ywu czasu, zachowa\u0142a swoj\u0105 pierwotn\u0105 form\u0119, nie poddano jej bowiem \u017cadnym istotnym przebudowom, co czyni j\u0105 autentycznym \u015bwiadectwem tamtejszej epoki.<\/span><\/p><p><span style=\"color: var( --e-global-color-text ); font-family: var( --e-global-typography-text-font-family ), Sans-serif; font-weight: var( --e-global-typography-text-font-weight ); text-align: var(--text-align); font-size: 1rem;\">Nasza wizyta rozpocz\u0119\u0142a si\u0119 od podziwiania zewn\u0119trznej elewacji kaplicy, kt\u00f3ra w ostatnich latach zosta\u0142a odrestaurowana dzi\u0119ki \u015brodkom unijnym. Odnowiono nie tylko elewacj\u0119, ale tak\u017ce wi\u0119\u017ab\u0119 i pokrycie dachowe, co pozwoli\u0142o na zabezpieczenie budynku na kolejne lata. Niestety, wn\u0119trze kaplicy wci\u0105\u017c czeka na swoj\u0105 kolej do renowacji, jednak nawet w obecnym stanie robi ogromne wra\u017cenie.<\/span><\/p><p><span style=\"color: var( --e-global-color-text ); font-family: var( --e-global-typography-text-font-family ), Sans-serif; font-weight: var( --e-global-typography-text-font-weight ); text-align: var(--text-align); font-size: 1rem;\">Najwi\u0119kszym skarbem tego miejsca s\u0105 bez w\u0105tpienia witra\u017ce, kt\u00f3re mimo up\u0142ywu lat zachowa\u0142y si\u0119 w niezwykle dobrym stanie. To w\u0142a\u015bnie one przyci\u0105gn\u0119\u0142y uwag\u0119 naszej grupy. \u015awiat\u0142o przenikaj\u0105ce przez kolorowe szk\u0142a tworzy\u0142o na \u015bcianach kaplicy magiczne, wielobarwne refleksy, dodaj\u0105c wn\u0119trzu niezwyk\u0142ej atmosfery. Witra\u017cowa rozeta, kt\u00f3r\u0105 mo\u017cna by\u0142o podziwia\u0107 z wysoko\u015bci balkonu, by\u0142a prawdziw\u0105 pere\u0142k\u0105 tej wizyty. Kr\u0119te schody prowadz\u0105ce na balkon okaza\u0142y si\u0119 ma\u0142ym wyzwaniem, ale widok, kt\u00f3ry si\u0119 stamt\u0105d roztacza\u0142, by\u0142 wart ka\u017cdego wysi\u0142ku.<\/span><\/p><p><span style=\"color: var( --e-global-color-text ); font-family: var( --e-global-typography-text-font-family ), Sans-serif; font-weight: var( --e-global-typography-text-font-weight ); text-align: var(--text-align); font-size: 1rem;\">Opr\u00f3cz witra\u017cy, kaplica zachwyca tak\u017ce swoimi dekoracjami malarskimi, autorstwa Czajkiewicza, kt\u00f3re zdobi\u0105 \u015bciany i sklepienia budowli. Centralnym punktem wn\u0119trza jest marmurowy o\u0142tarz z figur\u0105 Matki Bo\u017cej z Dzieci\u0105tkiem Jezus, umieszczony na podwy\u017cszeniu. Wystr\u00f3j kaplicy, cho\u0107 nieco nadgryziony z\u0119bem czasu, wci\u0105\u017c przypomina o jej pierwotnym przeznaczeniu jako miejsca modlitwy i kontemplacji.<\/span><\/p><p><span style=\"color: var( --e-global-color-text ); font-family: var( --e-global-typography-text-font-family ), Sans-serif; font-weight: var( --e-global-typography-text-font-weight ); text-align: var(--text-align); font-size: 1rem;\">Wizyta w kaplicy grobowej Anieli z Potockich i Konstantego Zamoyskich by\u0142a dla wszystkich uczestnik\u00f3w wycieczki wyj\u0105tkowym do\u015bwiadczeniem. Pogoda tego dnia by\u0142a s\u0142oneczna, co dodatkowo podkre\u015bli\u0142o urok wn\u0119trza kaplicy, wype\u0142niaj\u0105c je ciep\u0142ymi promieniami s\u0142o\u0144ca, kt\u00f3re o\u017cywia\u0142y kolorowe szk\u0142a witra\u017cy. To miejsce, cho\u0107 nieco zapomniane, okaza\u0142o si\u0119 niezwykle wa\u017cnym elementem naszego dziedzictwa, przypominaj\u0105cym o bogatej historii i kulturze regionu. Wycieczka do Kamionki pozostawi\u0142a w nas nie tylko artystyczne wra\u017cenia, ale tak\u017ce g\u0142\u0119bok\u0105 refleksj\u0119 nad tym, jak wa\u017cne jest piel\u0119gnowanie i ochrona takich zabytk\u00f3w dla przysz\u0142ych pokole\u0144.<\/span><\/p>\t\t\t\t\t\t\t\t<\/div>\n\t\t\t\t<\/div>\n\t\t\t\t\t<\/div>\n\t\t\t\t<\/div>\n\t\t<div class=\"elementor-element elementor-element-4fe47f9 e-flex e-con-boxed e-con e-parent\" data-id=\"4fe47f9\" data-element_type=\"container\" data-e-type=\"container\">\n\t\t\t\t\t<div class=\"e-con-inner\">\n\t\t\t\t<div class=\"elementor-element elementor-element-4d4cf64 elementor-widget elementor-widget-gallery\" data-id=\"4d4cf64\" data-element_type=\"widget\" data-e-type=\"widget\" data-settings=\"{&quot;lazyload&quot;:&quot;yes&quot;,&quot;gallery_layout&quot;:&quot;grid&quot;,&quot;columns&quot;:4,&quot;columns_tablet&quot;:2,&quot;columns_mobile&quot;:1,&quot;gap&quot;:{&quot;unit&quot;:&quot;px&quot;,&quot;size&quot;:10,&quot;sizes&quot;:[]},&quot;gap_tablet&quot;:{&quot;unit&quot;:&quot;px&quot;,&quot;size&quot;:10,&quot;sizes&quot;:[]},&quot;gap_mobile&quot;:{&quot;unit&quot;:&quot;px&quot;,&quot;size&quot;:10,&quot;sizes&quot;:[]},&quot;link_to&quot;:&quot;file&quot;,&quot;aspect_ratio&quot;:&quot;3:2&quot;,&quot;overlay_background&quot;:&quot;yes&quot;,&quot;content_hover_animation&quot;:&quot;fade-in&quot;,&quot;ekit_we_effect_on&quot;:&quot;none&quot;}\" data-widget_type=\"gallery.default\">\n\t\t\t\t<div class=\"elementor-widget-container\">\n\t\t\t\t\t\t\t<div class=\"elementor-gallery__container\">\n\t\t\t\t\t\t\t<a class=\"e-gallery-item elementor-gallery-item elementor-animated-content\" href=\"https:\/\/arsvitrea.pl\/wp-content\/uploads\/2024\/08\/DSC_8003.jpeg\" data-elementor-open-lightbox=\"yes\" data-elementor-lightbox-slideshow=\"4d4cf64\" data-elementor-lightbox-title=\"DSC_8003\" data-e-action-hash=\"#elementor-action%3Aaction%3Dlightbox%26settings%3DeyJpZCI6NDg5OCwidXJsIjoiaHR0cHM6XC9cL2Fyc3ZpdHJlYS5wbFwvd3AtY29udGVudFwvdXBsb2Fkc1wvMjAyNFwvMDhcL0RTQ184MDAzLmpwZWciLCJzbGlkZXNob3ciOiI0ZDRjZjY0In0%3D\">\n\t\t\t\t\t<div class=\"e-gallery-image elementor-gallery-item__image\" data-thumbnail=\"https:\/\/arsvitrea.pl\/wp-content\/uploads\/2024\/08\/DSC_8003-300x200.jpeg\" data-width=\"300\" data-height=\"200\" aria-label=\"\" role=\"img\" ><\/div>\n\t\t\t\t\t\t\t\t\t\t\t<div class=\"elementor-gallery-item__overlay\"><\/div>\n\t\t\t\t\t\t\t\t\t\t\t\t\t\t<\/a>\n\t\t\t\t\t\t\t<a class=\"e-gallery-item elementor-gallery-item elementor-animated-content\" href=\"https:\/\/arsvitrea.pl\/wp-content\/uploads\/2024\/08\/DSC_8006.jpeg\" data-elementor-open-lightbox=\"yes\" data-elementor-lightbox-slideshow=\"4d4cf64\" data-elementor-lightbox-title=\"DSC_8006\" data-e-action-hash=\"#elementor-action%3Aaction%3Dlightbox%26settings%3DeyJpZCI6NDg5OSwidXJsIjoiaHR0cHM6XC9cL2Fyc3ZpdHJlYS5wbFwvd3AtY29udGVudFwvdXBsb2Fkc1wvMjAyNFwvMDhcL0RTQ184MDA2LmpwZWciLCJzbGlkZXNob3ciOiI0ZDRjZjY0In0%3D\">\n\t\t\t\t\t<div class=\"e-gallery-image elementor-gallery-item__image\" data-thumbnail=\"https:\/\/arsvitrea.pl\/wp-content\/uploads\/2024\/08\/DSC_8006-200x300.jpeg\" data-width=\"200\" data-height=\"300\" aria-label=\"\" role=\"img\" ><\/div>\n\t\t\t\t\t\t\t\t\t\t\t<div class=\"elementor-gallery-item__overlay\"><\/div>\n\t\t\t\t\t\t\t\t\t\t\t\t\t\t<\/a>\n\t\t\t\t\t\t\t<a class=\"e-gallery-item elementor-gallery-item elementor-animated-content\" href=\"https:\/\/arsvitrea.pl\/wp-content\/uploads\/2024\/08\/DSC_8009.jpeg\" data-elementor-open-lightbox=\"yes\" data-elementor-lightbox-slideshow=\"4d4cf64\" data-elementor-lightbox-title=\"DSC_8009\" data-e-action-hash=\"#elementor-action%3Aaction%3Dlightbox%26settings%3DeyJpZCI6NDkwMCwidXJsIjoiaHR0cHM6XC9cL2Fyc3ZpdHJlYS5wbFwvd3AtY29udGVudFwvdXBsb2Fkc1wvMjAyNFwvMDhcL0RTQ184MDA5LmpwZWciLCJzbGlkZXNob3ciOiI0ZDRjZjY0In0%3D\">\n\t\t\t\t\t<div class=\"e-gallery-image elementor-gallery-item__image\" data-thumbnail=\"https:\/\/arsvitrea.pl\/wp-content\/uploads\/2024\/08\/DSC_8009-300x200.jpeg\" data-width=\"300\" data-height=\"200\" aria-label=\"\" role=\"img\" ><\/div>\n\t\t\t\t\t\t\t\t\t\t\t<div class=\"elementor-gallery-item__overlay\"><\/div>\n\t\t\t\t\t\t\t\t\t\t\t\t\t\t<\/a>\n\t\t\t\t\t\t\t<a class=\"e-gallery-item elementor-gallery-item elementor-animated-content\" href=\"https:\/\/arsvitrea.pl\/wp-content\/uploads\/2024\/08\/DSC_8010.jpeg\" data-elementor-open-lightbox=\"yes\" data-elementor-lightbox-slideshow=\"4d4cf64\" data-elementor-lightbox-title=\"DSC_8010\" data-e-action-hash=\"#elementor-action%3Aaction%3Dlightbox%26settings%3DeyJpZCI6NDkwMSwidXJsIjoiaHR0cHM6XC9cL2Fyc3ZpdHJlYS5wbFwvd3AtY29udGVudFwvdXBsb2Fkc1wvMjAyNFwvMDhcL0RTQ184MDEwLmpwZWciLCJzbGlkZXNob3ciOiI0ZDRjZjY0In0%3D\">\n\t\t\t\t\t<div class=\"e-gallery-image elementor-gallery-item__image\" data-thumbnail=\"https:\/\/arsvitrea.pl\/wp-content\/uploads\/2024\/08\/DSC_8010-200x300.jpeg\" data-width=\"200\" data-height=\"300\" aria-label=\"\" role=\"img\" ><\/div>\n\t\t\t\t\t\t\t\t\t\t\t<div class=\"elementor-gallery-item__overlay\"><\/div>\n\t\t\t\t\t\t\t\t\t\t\t\t\t\t<\/a>\n\t\t\t\t\t\t\t<a class=\"e-gallery-item elementor-gallery-item elementor-animated-content\" href=\"https:\/\/arsvitrea.pl\/wp-content\/uploads\/2024\/08\/DSC_8011.jpeg\" data-elementor-open-lightbox=\"yes\" data-elementor-lightbox-slideshow=\"4d4cf64\" data-elementor-lightbox-title=\"DSC_8011\" data-e-action-hash=\"#elementor-action%3Aaction%3Dlightbox%26settings%3DeyJpZCI6NDkwMiwidXJsIjoiaHR0cHM6XC9cL2Fyc3ZpdHJlYS5wbFwvd3AtY29udGVudFwvdXBsb2Fkc1wvMjAyNFwvMDhcL0RTQ184MDExLmpwZWciLCJzbGlkZXNob3ciOiI0ZDRjZjY0In0%3D\">\n\t\t\t\t\t<div class=\"e-gallery-image elementor-gallery-item__image\" data-thumbnail=\"https:\/\/arsvitrea.pl\/wp-content\/uploads\/2024\/08\/DSC_8011-300x200.jpeg\" data-width=\"300\" data-height=\"200\" aria-label=\"\" role=\"img\" ><\/div>\n\t\t\t\t\t\t\t\t\t\t\t<div class=\"elementor-gallery-item__overlay\"><\/div>\n\t\t\t\t\t\t\t\t\t\t\t\t\t\t<\/a>\n\t\t\t\t\t\t\t<a class=\"e-gallery-item elementor-gallery-item elementor-animated-content\" href=\"https:\/\/arsvitrea.pl\/wp-content\/uploads\/2024\/08\/DSC_8012.jpeg\" data-elementor-open-lightbox=\"yes\" data-elementor-lightbox-slideshow=\"4d4cf64\" data-elementor-lightbox-title=\"DSC_8012\" data-e-action-hash=\"#elementor-action%3Aaction%3Dlightbox%26settings%3DeyJpZCI6NDkwMywidXJsIjoiaHR0cHM6XC9cL2Fyc3ZpdHJlYS5wbFwvd3AtY29udGVudFwvdXBsb2Fkc1wvMjAyNFwvMDhcL0RTQ184MDEyLmpwZWciLCJzbGlkZXNob3ciOiI0ZDRjZjY0In0%3D\">\n\t\t\t\t\t<div class=\"e-gallery-image elementor-gallery-item__image\" data-thumbnail=\"https:\/\/arsvitrea.pl\/wp-content\/uploads\/2024\/08\/DSC_8012-300x200.jpeg\" data-width=\"300\" data-height=\"200\" aria-label=\"\" role=\"img\" ><\/div>\n\t\t\t\t\t\t\t\t\t\t\t<div class=\"elementor-gallery-item__overlay\"><\/div>\n\t\t\t\t\t\t\t\t\t\t\t\t\t\t<\/a>\n\t\t\t\t\t\t\t<a class=\"e-gallery-item elementor-gallery-item elementor-animated-content\" href=\"https:\/\/arsvitrea.pl\/wp-content\/uploads\/2024\/08\/DSC_8013.jpeg\" data-elementor-open-lightbox=\"yes\" data-elementor-lightbox-slideshow=\"4d4cf64\" data-elementor-lightbox-title=\"DSC_8013\" data-e-action-hash=\"#elementor-action%3Aaction%3Dlightbox%26settings%3DeyJpZCI6NDkwNCwidXJsIjoiaHR0cHM6XC9cL2Fyc3ZpdHJlYS5wbFwvd3AtY29udGVudFwvdXBsb2Fkc1wvMjAyNFwvMDhcL0RTQ184MDEzLmpwZWciLCJzbGlkZXNob3ciOiI0ZDRjZjY0In0%3D\">\n\t\t\t\t\t<div class=\"e-gallery-image elementor-gallery-item__image\" data-thumbnail=\"https:\/\/arsvitrea.pl\/wp-content\/uploads\/2024\/08\/DSC_8013-300x200.jpeg\" data-width=\"300\" data-height=\"200\" aria-label=\"\" role=\"img\" ><\/div>\n\t\t\t\t\t\t\t\t\t\t\t<div class=\"elementor-gallery-item__overlay\"><\/div>\n\t\t\t\t\t\t\t\t\t\t\t\t\t\t<\/a>\n\t\t\t\t\t\t\t<a class=\"e-gallery-item elementor-gallery-item elementor-animated-content\" href=\"https:\/\/arsvitrea.pl\/wp-content\/uploads\/2024\/08\/DSC_8014.jpeg\" data-elementor-open-lightbox=\"yes\" data-elementor-lightbox-slideshow=\"4d4cf64\" data-elementor-lightbox-title=\"DSC_8014\" data-e-action-hash=\"#elementor-action%3Aaction%3Dlightbox%26settings%3DeyJpZCI6NDkwNSwidXJsIjoiaHR0cHM6XC9cL2Fyc3ZpdHJlYS5wbFwvd3AtY29udGVudFwvdXBsb2Fkc1wvMjAyNFwvMDhcL0RTQ184MDE0LmpwZWciLCJzbGlkZXNob3ciOiI0ZDRjZjY0In0%3D\">\n\t\t\t\t\t<div class=\"e-gallery-image elementor-gallery-item__image\" data-thumbnail=\"https:\/\/arsvitrea.pl\/wp-content\/uploads\/2024\/08\/DSC_8014-300x200.jpeg\" data-width=\"300\" data-height=\"200\" aria-label=\"\" role=\"img\" ><\/div>\n\t\t\t\t\t\t\t\t\t\t\t<div class=\"elementor-gallery-item__overlay\"><\/div>\n\t\t\t\t\t\t\t\t\t\t\t\t\t\t<\/a>\n\t\t\t\t\t\t\t<a class=\"e-gallery-item elementor-gallery-item elementor-animated-content\" href=\"https:\/\/arsvitrea.pl\/wp-content\/uploads\/2024\/08\/DSC_8015.jpeg\" data-elementor-open-lightbox=\"yes\" data-elementor-lightbox-slideshow=\"4d4cf64\" data-elementor-lightbox-title=\"DSC_8015\" data-e-action-hash=\"#elementor-action%3Aaction%3Dlightbox%26settings%3DeyJpZCI6NDkwNiwidXJsIjoiaHR0cHM6XC9cL2Fyc3ZpdHJlYS5wbFwvd3AtY29udGVudFwvdXBsb2Fkc1wvMjAyNFwvMDhcL0RTQ184MDE1LmpwZWciLCJzbGlkZXNob3ciOiI0ZDRjZjY0In0%3D\">\n\t\t\t\t\t<div class=\"e-gallery-image elementor-gallery-item__image\" data-thumbnail=\"https:\/\/arsvitrea.pl\/wp-content\/uploads\/2024\/08\/DSC_8015-300x200.jpeg\" data-width=\"300\" data-height=\"200\" aria-label=\"\" role=\"img\" ><\/div>\n\t\t\t\t\t\t\t\t\t\t\t<div class=\"elementor-gallery-item__overlay\"><\/div>\n\t\t\t\t\t\t\t\t\t\t\t\t\t\t<\/a>\n\t\t\t\t\t\t\t<a class=\"e-gallery-item elementor-gallery-item elementor-animated-content\" href=\"https:\/\/arsvitrea.pl\/wp-content\/uploads\/2024\/08\/DSC_8016.jpeg\" data-elementor-open-lightbox=\"yes\" data-elementor-lightbox-slideshow=\"4d4cf64\" data-elementor-lightbox-title=\"DSC_8016\" data-e-action-hash=\"#elementor-action%3Aaction%3Dlightbox%26settings%3DeyJpZCI6NDkwNywidXJsIjoiaHR0cHM6XC9cL2Fyc3ZpdHJlYS5wbFwvd3AtY29udGVudFwvdXBsb2Fkc1wvMjAyNFwvMDhcL0RTQ184MDE2LmpwZWciLCJzbGlkZXNob3ciOiI0ZDRjZjY0In0%3D\">\n\t\t\t\t\t<div class=\"e-gallery-image elementor-gallery-item__image\" data-thumbnail=\"https:\/\/arsvitrea.pl\/wp-content\/uploads\/2024\/08\/DSC_8016-300x200.jpeg\" data-width=\"300\" data-height=\"200\" aria-label=\"\" role=\"img\" ><\/div>\n\t\t\t\t\t\t\t\t\t\t\t<div class=\"elementor-gallery-item__overlay\"><\/div>\n\t\t\t\t\t\t\t\t\t\t\t\t\t\t<\/a>\n\t\t\t\t\t\t\t<a class=\"e-gallery-item elementor-gallery-item elementor-animated-content\" href=\"https:\/\/arsvitrea.pl\/wp-content\/uploads\/2024\/08\/DSC_8019.jpeg\" data-elementor-open-lightbox=\"yes\" data-elementor-lightbox-slideshow=\"4d4cf64\" data-elementor-lightbox-title=\"DSC_8019\" data-e-action-hash=\"#elementor-action%3Aaction%3Dlightbox%26settings%3DeyJpZCI6NDkwOCwidXJsIjoiaHR0cHM6XC9cL2Fyc3ZpdHJlYS5wbFwvd3AtY29udGVudFwvdXBsb2Fkc1wvMjAyNFwvMDhcL0RTQ184MDE5LmpwZWciLCJzbGlkZXNob3ciOiI0ZDRjZjY0In0%3D\">\n\t\t\t\t\t<div class=\"e-gallery-image elementor-gallery-item__image\" data-thumbnail=\"https:\/\/arsvitrea.pl\/wp-content\/uploads\/2024\/08\/DSC_8019-300x200.jpeg\" data-width=\"300\" data-height=\"200\" aria-label=\"\" role=\"img\" ><\/div>\n\t\t\t\t\t\t\t\t\t\t\t<div class=\"elementor-gallery-item__overlay\"><\/div>\n\t\t\t\t\t\t\t\t\t\t\t\t\t\t<\/a>\n\t\t\t\t\t\t\t<a class=\"e-gallery-item elementor-gallery-item elementor-animated-content\" href=\"https:\/\/arsvitrea.pl\/wp-content\/uploads\/2024\/08\/DSC_8020.jpeg\" data-elementor-open-lightbox=\"yes\" data-elementor-lightbox-slideshow=\"4d4cf64\" data-elementor-lightbox-title=\"DSC_8020\" data-e-action-hash=\"#elementor-action%3Aaction%3Dlightbox%26settings%3DeyJpZCI6NDkwOSwidXJsIjoiaHR0cHM6XC9cL2Fyc3ZpdHJlYS5wbFwvd3AtY29udGVudFwvdXBsb2Fkc1wvMjAyNFwvMDhcL0RTQ184MDIwLmpwZWciLCJzbGlkZXNob3ciOiI0ZDRjZjY0In0%3D\">\n\t\t\t\t\t<div class=\"e-gallery-image elementor-gallery-item__image\" data-thumbnail=\"https:\/\/arsvitrea.pl\/wp-content\/uploads\/2024\/08\/DSC_8020-300x200.jpeg\" data-width=\"300\" data-height=\"200\" aria-label=\"\" role=\"img\" ><\/div>\n\t\t\t\t\t\t\t\t\t\t\t<div class=\"elementor-gallery-item__overlay\"><\/div>\n\t\t\t\t\t\t\t\t\t\t\t\t\t\t<\/a>\n\t\t\t\t\t\t\t<a class=\"e-gallery-item elementor-gallery-item elementor-animated-content\" href=\"https:\/\/arsvitrea.pl\/wp-content\/uploads\/2024\/08\/DSC_8021.jpeg\" data-elementor-open-lightbox=\"yes\" data-elementor-lightbox-slideshow=\"4d4cf64\" data-elementor-lightbox-title=\"DSC_8021\" data-e-action-hash=\"#elementor-action%3Aaction%3Dlightbox%26settings%3DeyJpZCI6NDkxMCwidXJsIjoiaHR0cHM6XC9cL2Fyc3ZpdHJlYS5wbFwvd3AtY29udGVudFwvdXBsb2Fkc1wvMjAyNFwvMDhcL0RTQ184MDIxLmpwZWciLCJzbGlkZXNob3ciOiI0ZDRjZjY0In0%3D\">\n\t\t\t\t\t<div class=\"e-gallery-image elementor-gallery-item__image\" data-thumbnail=\"https:\/\/arsvitrea.pl\/wp-content\/uploads\/2024\/08\/DSC_8021-300x200.jpeg\" data-width=\"300\" data-height=\"200\" aria-label=\"\" role=\"img\" ><\/div>\n\t\t\t\t\t\t\t\t\t\t\t<div class=\"elementor-gallery-item__overlay\"><\/div>\n\t\t\t\t\t\t\t\t\t\t\t\t\t\t<\/a>\n\t\t\t\t\t<\/div>\n\t\t\t\t\t<\/div>\n\t\t\t\t<\/div>\n\t\t\t\t\t<\/div>\n\t\t\t\t<\/div>\n\t\t\t\t<\/div>\n\t\t","protected":false},"excerpt":{"rendered":"<p>Podczas IX konferencji naukowej Stowarzyszenia Mi\u0142o\u015bnik\u00f3w Witra\u017cy w Lublinie\u00a0 w dniu 10 pa\u017adziernika 2015 r. odby\u0142a si\u0119 wycieczka do najbardziej wyj\u0105tkowych zabytk\u00f3w architektury sakralnej na Lubelszczy\u017anie. Jednym z etap\u00f3w by\u0142a inspiruj\u0105ca wizyta w kaplicy grobowej Anieli z Potockich i Konstantego Zamoyskich w Kamionce. To malownicze miejsce, ukryte w sercu Lubelszczyzny, okaza\u0142o si\u0119 prawdziwym skarbem zar\u00f3wno [&hellip;]<\/p>\n","protected":false},"author":1,"featured_media":4910,"comment_status":"open","ping_status":"open","sticky":false,"template":"","format":"standard","meta":{"footnotes":""},"categories":[13],"tags":[165,164,166],"class_list":["post-4896","post","type-post","status-publish","format-standard","has-post-thumbnail","hentry","category-wycieczki","tag-kaplica-grobowa-potockich","tag-kaplica-grobowa-zamoyskich","tag-kaplica-w-kamionce"],"_links":{"self":[{"href":"https:\/\/arsvitrea.pl\/index.php\/wp-json\/wp\/v2\/posts\/4896","targetHints":{"allow":["GET"]}}],"collection":[{"href":"https:\/\/arsvitrea.pl\/index.php\/wp-json\/wp\/v2\/posts"}],"about":[{"href":"https:\/\/arsvitrea.pl\/index.php\/wp-json\/wp\/v2\/types\/post"}],"author":[{"embeddable":true,"href":"https:\/\/arsvitrea.pl\/index.php\/wp-json\/wp\/v2\/users\/1"}],"replies":[{"embeddable":true,"href":"https:\/\/arsvitrea.pl\/index.php\/wp-json\/wp\/v2\/comments?post=4896"}],"version-history":[{"count":4,"href":"https:\/\/arsvitrea.pl\/index.php\/wp-json\/wp\/v2\/posts\/4896\/revisions"}],"predecessor-version":[{"id":4913,"href":"https:\/\/arsvitrea.pl\/index.php\/wp-json\/wp\/v2\/posts\/4896\/revisions\/4913"}],"wp:featuredmedia":[{"embeddable":true,"href":"https:\/\/arsvitrea.pl\/index.php\/wp-json\/wp\/v2\/media\/4910"}],"wp:attachment":[{"href":"https:\/\/arsvitrea.pl\/index.php\/wp-json\/wp\/v2\/media?parent=4896"}],"wp:term":[{"taxonomy":"category","embeddable":true,"href":"https:\/\/arsvitrea.pl\/index.php\/wp-json\/wp\/v2\/categories?post=4896"},{"taxonomy":"post_tag","embeddable":true,"href":"https:\/\/arsvitrea.pl\/index.php\/wp-json\/wp\/v2\/tags?post=4896"}],"curies":[{"name":"wp","href":"https:\/\/api.w.org\/{rel}","templated":true}]}}