{"id":4448,"date":"2022-09-29T06:33:00","date_gmt":"2022-09-29T06:33:00","guid":{"rendered":"https:\/\/arsvitrea.pl\/?p=4448"},"modified":"2024-05-09T07:03:33","modified_gmt":"2024-05-09T07:03:33","slug":"wycieczka-kosciol-parafialny-p-w-sw-michala-archaniola-w-blankach","status":"publish","type":"post","link":"https:\/\/arsvitrea.pl\/index.php\/2022\/09\/29\/wycieczka-kosciol-parafialny-p-w-sw-michala-archaniola-w-blankach\/","title":{"rendered":"Wycieczka &#8211; ko\u015bci\u00f3\u0142 parafialny p.w. \u015bw. Micha\u0142a Archanio\u0142a w Blankach"},"content":{"rendered":"\n<p>Podczas XI konferencji naukowej AVP w Lidzbarku Warmi\u0144skim 28 maja 2022 roku Ania Pacanowska i Marek Go\u0142owacz zorganizowali fascynuj\u0105c\u0105 wycieczk\u0119 po Warmii. Sz\u00f3stym etapem by\u0142y Blanki.<\/p>\n\n\n\n<p>Wizyta w parafii pw. \u015bw. Micha\u0142a Archanio\u0142a w Blankach na Warmii sta\u0142a si\u0119 okazj\u0105 do g\u0142\u0119bszego zrozumienia i docenienia zabytkowego ko\u015bcio\u0142a oraz jego wyj\u0105tkowych witra\u017cy. Parafia, z bogat\u0105 histori\u0105 si\u0119gaj\u0105c\u0105 pierwszej po\u0142owy XIV wieku, przechodzi przez wieki, oferuj\u0105c dziedzictwo kulturowe i duchowe, kt\u00f3re zas\u0142uguje na szczeg\u00f3ln\u0105 uwag\u0119. Przebudowany w XV wieku i ponownie konsekrowany w 1868 roku na cze\u015b\u0107 \u015bw. Micha\u0142a i \u015bw. Apolonii, ko\u015bci\u00f3\u0142 jest skarbem architektonicznym i artystycznym.<\/p>\n\n\n\n<p>Opr\u00f3cz malowniczej lokalizacji nad jeziorem Blanki, parafia jest znana z unikatowych polichromii \u015bcian i sufitu, odkrytych podczas konserwacji w 2000 roku. Te gotyckie malowid\u0142a prezentuj\u0105 bogat\u0105 gam\u0119 ornament\u00f3w i symbolicznych motyw\u00f3w, kt\u00f3re oferuj\u0105 nie tylko wizualn\u0105 uczt\u0119, ale tak\u017ce g\u0142\u0119bokie znaczenie religijne i historyczne. Z przewa\u017caj\u0105c\u0105 czerwieni\u0105, czerni\u0105 i biel\u0105, polichromie s\u0105 dowodem umiej\u0119tno\u015bci i wyrafinowania dawnych mistrz\u00f3w.<\/p>\n\n\n\n<p>W\u015br\u00f3d najbardziej znacz\u0105cych element\u00f3w ko\u015bcio\u0142a s\u0105 jego witra\u017ce. Stabilne, kolorowe szk\u0142a w oknach ko\u015bcio\u0142a nie tylko wprowadzaj\u0105 element artystyczny, ale tak\u017ce moduluj\u0105 \u015bwiat\u0142o, tworz\u0105c atmosfer\u0119 skupienia i kontemplacji. Witra\u017ce te, cz\u0119sto przedstawiaj\u0105ce biblijne i \u015bwi\u0119te postaci, nie tylko zdobi\u0105, ale tak\u017ce ucz\u0105 i inspiruj\u0105 wiernych i odwiedzaj\u0105cych.<\/p>\n\n\n\n<p>Podczas wycieczki, mi\u0142o\u015bnicy witra\u017cy mieli okazj\u0119 szczeg\u00f3\u0142owo przyjrze\u0107 si\u0119 ka\u017cdemu fragmentowi szklanej mozaiki, doceniaj\u0105c zar\u00f3wno techniczn\u0105 precyzj\u0119 ich wykonania, jak i g\u0142\u0119bi\u0119 symbolicznego znaczenia. Dyskusje z lokalnymi ekspertami i duchownymi otworzy\u0142y nowe perspektywy na tematy konserwacji, technik wykonania oraz ewolucji witra\u017cu w kontek\u015bcie historycznym i religijnym.<\/p>\n\n\n\n<p>Opr\u00f3cz witra\u017cy, inne elementy wyposa\u017cenia ko\u015bcio\u0142a, jak barokowy o\u0142tarz g\u0142\u00f3wny, rokokowe o\u0142tarze boczne i ambona z XVII wieku, r\u00f3wnie\u017c zas\u0142uguj\u0105 na uwag\u0119. Ka\u017cdy z nich wnosi do wn\u0119trza ko\u015bcio\u0142a sw\u00f3j w\u0142asny, unikalny charakter i estetyk\u0119, czyni\u0105c go \u017cywym muzeum sakralnej sztuki.<\/p>\n\n\n\n<p>Wycieczka do Blanek by\u0142a nie tylko okazj\u0105 do podziwiania dzie\u0142 sztuki, ale tak\u017ce do refleksji nad rol\u0105 ko\u015bcio\u0142a w historii i wsp\u00f3lnocie. Dzi\u0119ki inicjatywom takim jak ten wyjazd, zainteresowanie konserwacj\u0105 i ochron\u0105 dziedzictwa kulturowego wzrasta, co jest kluczowe dla przetrwania tych nieocenionych skarb\u00f3w. Zako\u0144czenie projektu konserwatorskiego polichromii \u015bcian wewn\u0119trznych ko\u015bcio\u0142a w 2020 roku pokazuje, jak wa\u017cne jest anga\u017cowanie spo\u0142eczno\u015bci lokalnych i szerokiego grona specjalist\u00f3w w prace nad ochron\u0105 dziedzictwa, co zapewnia jego przetrwanie dla przysz\u0142ych pokole\u0144.<\/p>\n\n\n\n<p>Zaanga\u017cowanie parafian i go\u015bci w celebracj\u0119 oraz konserwacj\u0119 tego miejsca jest \u015bwiadectwem ich mi\u0142o\u015bci i szacunku do lokalnego dziedzictwa, przekazuj\u0105c te warto\u015bci z pokolenia na pokolenie.<\/p>\n\n\n\n<figure class=\"wp-block-gallery has-nested-images columns-default is-cropped wp-block-gallery-1 is-layout-flex wp-block-gallery-is-layout-flex\">\n<figure class=\"wp-block-image size-large\"><a href=\"https:\/\/arsvitrea.pl\/wp-content\/uploads\/2022\/09\/DSC_2598a-scaled.jpeg\"><img fetchpriority=\"high\" decoding=\"async\" width=\"1024\" height=\"709\" data-id=\"4464\" src=\"https:\/\/arsvitrea.pl\/wp-content\/uploads\/2022\/09\/DSC_2598a-1024x709.jpeg\" alt=\"\" class=\"wp-image-4464\" srcset=\"https:\/\/arsvitrea.pl\/wp-content\/uploads\/2022\/09\/DSC_2598a-1024x709.jpeg 1024w, https:\/\/arsvitrea.pl\/wp-content\/uploads\/2022\/09\/DSC_2598a-300x208.jpeg 300w, https:\/\/arsvitrea.pl\/wp-content\/uploads\/2022\/09\/DSC_2598a-768x532.jpeg 768w, https:\/\/arsvitrea.pl\/wp-content\/uploads\/2022\/09\/DSC_2598a-1536x1064.jpeg 1536w, https:\/\/arsvitrea.pl\/wp-content\/uploads\/2022\/09\/DSC_2598a-2048x1419.jpeg 2048w\" sizes=\"(max-width: 1024px) 100vw, 1024px\" \/><\/a><\/figure>\n\n\n\n<figure class=\"wp-block-image size-large\"><a href=\"https:\/\/arsvitrea.pl\/wp-content\/uploads\/2022\/09\/DSC_2599a-scaled.jpeg\"><img decoding=\"async\" width=\"1024\" height=\"703\" data-id=\"4465\" src=\"https:\/\/arsvitrea.pl\/wp-content\/uploads\/2022\/09\/DSC_2599a-1024x703.jpeg\" alt=\"\" class=\"wp-image-4465\" srcset=\"https:\/\/arsvitrea.pl\/wp-content\/uploads\/2022\/09\/DSC_2599a-1024x703.jpeg 1024w, https:\/\/arsvitrea.pl\/wp-content\/uploads\/2022\/09\/DSC_2599a-300x206.jpeg 300w, https:\/\/arsvitrea.pl\/wp-content\/uploads\/2022\/09\/DSC_2599a-768x527.jpeg 768w, https:\/\/arsvitrea.pl\/wp-content\/uploads\/2022\/09\/DSC_2599a-1536x1054.jpeg 1536w, https:\/\/arsvitrea.pl\/wp-content\/uploads\/2022\/09\/DSC_2599a-2048x1406.jpeg 2048w\" sizes=\"(max-width: 1024px) 100vw, 1024px\" \/><\/a><\/figure>\n\n\n\n<figure class=\"wp-block-image size-large\"><a href=\"https:\/\/arsvitrea.pl\/wp-content\/uploads\/2022\/09\/DSC_2605a.jpeg\"><img decoding=\"async\" width=\"684\" height=\"1024\" data-id=\"4467\" src=\"https:\/\/arsvitrea.pl\/wp-content\/uploads\/2022\/09\/DSC_2605a-684x1024.jpeg\" alt=\"\" class=\"wp-image-4467\" srcset=\"https:\/\/arsvitrea.pl\/wp-content\/uploads\/2022\/09\/DSC_2605a-684x1024.jpeg 684w, https:\/\/arsvitrea.pl\/wp-content\/uploads\/2022\/09\/DSC_2605a-200x300.jpeg 200w, https:\/\/arsvitrea.pl\/wp-content\/uploads\/2022\/09\/DSC_2605a-768x1151.jpeg 768w, https:\/\/arsvitrea.pl\/wp-content\/uploads\/2022\/09\/DSC_2605a-1025x1536.jpeg 1025w, https:\/\/arsvitrea.pl\/wp-content\/uploads\/2022\/09\/DSC_2605a.jpeg 1335w\" sizes=\"(max-width: 684px) 100vw, 684px\" \/><\/a><\/figure>\n\n\n\n<figure class=\"wp-block-image size-large\"><a href=\"https:\/\/arsvitrea.pl\/wp-content\/uploads\/2022\/09\/DSC_2604a.jpeg\"><img loading=\"lazy\" decoding=\"async\" width=\"684\" height=\"1024\" data-id=\"4466\" src=\"https:\/\/arsvitrea.pl\/wp-content\/uploads\/2022\/09\/DSC_2604a-684x1024.jpeg\" alt=\"\" class=\"wp-image-4466\" srcset=\"https:\/\/arsvitrea.pl\/wp-content\/uploads\/2022\/09\/DSC_2604a-684x1024.jpeg 684w, https:\/\/arsvitrea.pl\/wp-content\/uploads\/2022\/09\/DSC_2604a-200x300.jpeg 200w, https:\/\/arsvitrea.pl\/wp-content\/uploads\/2022\/09\/DSC_2604a-768x1151.jpeg 768w, https:\/\/arsvitrea.pl\/wp-content\/uploads\/2022\/09\/DSC_2604a-1025x1536.jpeg 1025w, https:\/\/arsvitrea.pl\/wp-content\/uploads\/2022\/09\/DSC_2604a.jpeg 1335w\" sizes=\"(max-width: 684px) 100vw, 684px\" \/><\/a><\/figure>\n\n\n\n<figure class=\"wp-block-image size-large\"><a href=\"https:\/\/arsvitrea.pl\/wp-content\/uploads\/2022\/09\/DSC_2612a.jpeg\"><img loading=\"lazy\" decoding=\"async\" width=\"1024\" height=\"1014\" data-id=\"4469\" src=\"https:\/\/arsvitrea.pl\/wp-content\/uploads\/2022\/09\/DSC_2612a-1024x1014.jpeg\" alt=\"\" class=\"wp-image-4469\" srcset=\"https:\/\/arsvitrea.pl\/wp-content\/uploads\/2022\/09\/DSC_2612a-1024x1014.jpeg 1024w, https:\/\/arsvitrea.pl\/wp-content\/uploads\/2022\/09\/DSC_2612a-300x297.jpeg 300w, https:\/\/arsvitrea.pl\/wp-content\/uploads\/2022\/09\/DSC_2612a-150x150.jpeg 150w, https:\/\/arsvitrea.pl\/wp-content\/uploads\/2022\/09\/DSC_2612a-768x761.jpeg 768w, https:\/\/arsvitrea.pl\/wp-content\/uploads\/2022\/09\/DSC_2612a-1536x1522.jpeg 1536w, https:\/\/arsvitrea.pl\/wp-content\/uploads\/2022\/09\/DSC_2612a.jpeg 2019w\" sizes=\"(max-width: 1024px) 100vw, 1024px\" \/><\/a><\/figure>\n\n\n\n<figure class=\"wp-block-image size-large\"><a href=\"https:\/\/arsvitrea.pl\/wp-content\/uploads\/2022\/09\/DSC_2610a.jpeg\"><img loading=\"lazy\" decoding=\"async\" width=\"568\" height=\"1024\" data-id=\"4468\" src=\"https:\/\/arsvitrea.pl\/wp-content\/uploads\/2022\/09\/DSC_2610a-568x1024.jpeg\" alt=\"\" class=\"wp-image-4468\" srcset=\"https:\/\/arsvitrea.pl\/wp-content\/uploads\/2022\/09\/DSC_2610a-568x1024.jpeg 568w, https:\/\/arsvitrea.pl\/wp-content\/uploads\/2022\/09\/DSC_2610a-167x300.jpeg 167w, https:\/\/arsvitrea.pl\/wp-content\/uploads\/2022\/09\/DSC_2610a-768x1384.jpeg 768w, https:\/\/arsvitrea.pl\/wp-content\/uploads\/2022\/09\/DSC_2610a-852x1536.jpeg 852w, https:\/\/arsvitrea.pl\/wp-content\/uploads\/2022\/09\/DSC_2610a.jpeg 1110w\" sizes=\"(max-width: 568px) 100vw, 568px\" \/><\/a><\/figure>\n\n\n\n<figure class=\"wp-block-image size-large\"><a href=\"https:\/\/arsvitrea.pl\/wp-content\/uploads\/2022\/09\/DSC_2622a-scaled.jpeg\"><img loading=\"lazy\" decoding=\"async\" width=\"1024\" height=\"683\" data-id=\"4474\" src=\"https:\/\/arsvitrea.pl\/wp-content\/uploads\/2022\/09\/DSC_2622a-1024x683.jpeg\" alt=\"\" class=\"wp-image-4474\" srcset=\"https:\/\/arsvitrea.pl\/wp-content\/uploads\/2022\/09\/DSC_2622a-1024x683.jpeg 1024w, https:\/\/arsvitrea.pl\/wp-content\/uploads\/2022\/09\/DSC_2622a-300x200.jpeg 300w\" sizes=\"(max-width: 1024px) 100vw, 1024px\" \/><\/a><\/figure>\n\n\n\n<figure class=\"wp-block-image size-large\"><a href=\"https:\/\/arsvitrea.pl\/wp-content\/uploads\/2022\/09\/DSC_2621a.jpeg\"><img loading=\"lazy\" decoding=\"async\" width=\"617\" height=\"1024\" data-id=\"4473\" src=\"https:\/\/arsvitrea.pl\/wp-content\/uploads\/2022\/09\/DSC_2621a-617x1024.jpeg\" alt=\"\" class=\"wp-image-4473\" srcset=\"https:\/\/arsvitrea.pl\/wp-content\/uploads\/2022\/09\/DSC_2621a-617x1024.jpeg 617w, https:\/\/arsvitrea.pl\/wp-content\/uploads\/2022\/09\/DSC_2621a-181x300.jpeg 181w, https:\/\/arsvitrea.pl\/wp-content\/uploads\/2022\/09\/DSC_2621a-768x1274.jpeg 768w, https:\/\/arsvitrea.pl\/wp-content\/uploads\/2022\/09\/DSC_2621a-926x1536.jpeg 926w, https:\/\/arsvitrea.pl\/wp-content\/uploads\/2022\/09\/DSC_2621a.jpeg 1206w\" sizes=\"(max-width: 617px) 100vw, 617px\" \/><\/a><\/figure>\n\n\n\n<figure class=\"wp-block-image size-large\"><a href=\"https:\/\/arsvitrea.pl\/wp-content\/uploads\/2022\/09\/DSC_2619a.jpeg\"><img loading=\"lazy\" decoding=\"async\" width=\"755\" height=\"1024\" data-id=\"4472\" src=\"https:\/\/arsvitrea.pl\/wp-content\/uploads\/2022\/09\/DSC_2619a-755x1024.jpeg\" alt=\"\" class=\"wp-image-4472\" srcset=\"https:\/\/arsvitrea.pl\/wp-content\/uploads\/2022\/09\/DSC_2619a-755x1024.jpeg 755w, https:\/\/arsvitrea.pl\/wp-content\/uploads\/2022\/09\/DSC_2619a-221x300.jpeg 221w, https:\/\/arsvitrea.pl\/wp-content\/uploads\/2022\/09\/DSC_2619a-768x1042.jpeg 768w, https:\/\/arsvitrea.pl\/wp-content\/uploads\/2022\/09\/DSC_2619a-1132x1536.jpeg 1132w, https:\/\/arsvitrea.pl\/wp-content\/uploads\/2022\/09\/DSC_2619a.jpeg 1474w\" sizes=\"(max-width: 755px) 100vw, 755px\" \/><\/a><\/figure>\n\n\n\n<figure class=\"wp-block-image size-large\"><a href=\"https:\/\/arsvitrea.pl\/wp-content\/uploads\/2022\/09\/DSC_2618a.jpeg\"><img loading=\"lazy\" decoding=\"async\" width=\"693\" height=\"1024\" data-id=\"4471\" src=\"https:\/\/arsvitrea.pl\/wp-content\/uploads\/2022\/09\/DSC_2618a-693x1024.jpeg\" alt=\"\" class=\"wp-image-4471\" srcset=\"https:\/\/arsvitrea.pl\/wp-content\/uploads\/2022\/09\/DSC_2618a-693x1024.jpeg 693w, https:\/\/arsvitrea.pl\/wp-content\/uploads\/2022\/09\/DSC_2618a-203x300.jpeg 203w, https:\/\/arsvitrea.pl\/wp-content\/uploads\/2022\/09\/DSC_2618a-768x1135.jpeg 768w, https:\/\/arsvitrea.pl\/wp-content\/uploads\/2022\/09\/DSC_2618a-1039x1536.jpeg 1039w, https:\/\/arsvitrea.pl\/wp-content\/uploads\/2022\/09\/DSC_2618a.jpeg 1353w\" sizes=\"(max-width: 693px) 100vw, 693px\" \/><\/a><\/figure>\n\n\n\n<figure class=\"wp-block-image size-large\"><a href=\"https:\/\/arsvitrea.pl\/wp-content\/uploads\/2022\/09\/IMG_6562a.jpeg\"><img loading=\"lazy\" decoding=\"async\" width=\"768\" height=\"1024\" data-id=\"4475\" src=\"https:\/\/arsvitrea.pl\/wp-content\/uploads\/2022\/09\/IMG_6562a-768x1024.jpeg\" alt=\"\" class=\"wp-image-4475\" srcset=\"https:\/\/arsvitrea.pl\/wp-content\/uploads\/2022\/09\/IMG_6562a-768x1024.jpeg 768w, https:\/\/arsvitrea.pl\/wp-content\/uploads\/2022\/09\/IMG_6562a-225x300.jpeg 225w, https:\/\/arsvitrea.pl\/wp-content\/uploads\/2022\/09\/IMG_6562a-1152x1536.jpeg 1152w, https:\/\/arsvitrea.pl\/wp-content\/uploads\/2022\/09\/IMG_6562a.jpeg 1500w\" sizes=\"(max-width: 768px) 100vw, 768px\" \/><\/a><\/figure>\n\n\n\n<figure class=\"wp-block-image size-large\"><a href=\"https:\/\/arsvitrea.pl\/wp-content\/uploads\/2022\/09\/DSC_2614a-scaled.jpeg\"><img loading=\"lazy\" decoding=\"async\" width=\"1024\" height=\"683\" data-id=\"4470\" src=\"https:\/\/arsvitrea.pl\/wp-content\/uploads\/2022\/09\/DSC_2614a-1024x683.jpeg\" alt=\"\" class=\"wp-image-4470\" srcset=\"https:\/\/arsvitrea.pl\/wp-content\/uploads\/2022\/09\/DSC_2614a-1024x683.jpeg 1024w, https:\/\/arsvitrea.pl\/wp-content\/uploads\/2022\/09\/DSC_2614a-300x200.jpeg 300w, https:\/\/arsvitrea.pl\/wp-content\/uploads\/2022\/09\/DSC_2614a-768x513.jpeg 768w, https:\/\/arsvitrea.pl\/wp-content\/uploads\/2022\/09\/DSC_2614a-1536x1025.jpeg 1536w, https:\/\/arsvitrea.pl\/wp-content\/uploads\/2022\/09\/DSC_2614a-2048x1367.jpeg 2048w\" sizes=\"(max-width: 1024px) 100vw, 1024px\" \/><\/a><\/figure>\n<\/figure>\n","protected":false},"excerpt":{"rendered":"<p>Podczas XI konferencji naukowej AVP w Lidzbarku Warmi\u0144skim 28 maja 2022 roku Ania Pacanowska i Marek Go\u0142owacz zorganizowali fascynuj\u0105c\u0105 wycieczk\u0119 po Warmii. Sz\u00f3stym etapem by\u0142y Blanki. Wizyta w parafii pw. \u015bw. Micha\u0142a Archanio\u0142a w Blankach na Warmii sta\u0142a si\u0119 okazj\u0105 do g\u0142\u0119bszego zrozumienia i docenienia zabytkowego ko\u015bcio\u0142a oraz jego wyj\u0105tkowych witra\u017cy. Parafia, z bogat\u0105 histori\u0105 [&hellip;]<\/p>\n","protected":false},"author":1,"featured_media":4463,"comment_status":"open","ping_status":"open","sticky":false,"template":"","format":"standard","meta":{"footnotes":""},"categories":[13],"tags":[24,35,119,120,66,121],"class_list":["post-4448","post","type-post","status-publish","format-standard","has-post-thumbnail","hentry","category-wycieczki","tag-ars-vitrea-polona","tag-konferencja-naukowa","tag-kosciol-blanki","tag-kosciol-w-blankach","tag-stowarzyszenie-milosnikow-witrazy","tag-witraze-warmii"],"_links":{"self":[{"href":"https:\/\/arsvitrea.pl\/index.php\/wp-json\/wp\/v2\/posts\/4448","targetHints":{"allow":["GET"]}}],"collection":[{"href":"https:\/\/arsvitrea.pl\/index.php\/wp-json\/wp\/v2\/posts"}],"about":[{"href":"https:\/\/arsvitrea.pl\/index.php\/wp-json\/wp\/v2\/types\/post"}],"author":[{"embeddable":true,"href":"https:\/\/arsvitrea.pl\/index.php\/wp-json\/wp\/v2\/users\/1"}],"replies":[{"embeddable":true,"href":"https:\/\/arsvitrea.pl\/index.php\/wp-json\/wp\/v2\/comments?post=4448"}],"version-history":[{"count":3,"href":"https:\/\/arsvitrea.pl\/index.php\/wp-json\/wp\/v2\/posts\/4448\/revisions"}],"predecessor-version":[{"id":4477,"href":"https:\/\/arsvitrea.pl\/index.php\/wp-json\/wp\/v2\/posts\/4448\/revisions\/4477"}],"wp:featuredmedia":[{"embeddable":true,"href":"https:\/\/arsvitrea.pl\/index.php\/wp-json\/wp\/v2\/media\/4463"}],"wp:attachment":[{"href":"https:\/\/arsvitrea.pl\/index.php\/wp-json\/wp\/v2\/media?parent=4448"}],"wp:term":[{"taxonomy":"category","embeddable":true,"href":"https:\/\/arsvitrea.pl\/index.php\/wp-json\/wp\/v2\/categories?post=4448"},{"taxonomy":"post_tag","embeddable":true,"href":"https:\/\/arsvitrea.pl\/index.php\/wp-json\/wp\/v2\/tags?post=4448"}],"curies":[{"name":"wp","href":"https:\/\/api.w.org\/{rel}","templated":true}]}}