{"id":4331,"date":"2022-09-10T11:23:00","date_gmt":"2022-09-10T11:23:00","guid":{"rendered":"https:\/\/arsvitrea.pl\/?p=4331"},"modified":"2024-05-06T11:38:18","modified_gmt":"2024-05-06T11:38:18","slug":"wycieczka-parafia-pw-sw-elzbiety-w-kraszewie","status":"publish","type":"post","link":"https:\/\/arsvitrea.pl\/index.php\/2022\/09\/10\/wycieczka-parafia-pw-sw-elzbiety-w-kraszewie\/","title":{"rendered":"Wycieczka &#8211; parafia pw. \u015bw. El\u017cbiety w Kraszewie"},"content":{"rendered":"\n<p>Podczas XI konferencji naukowej AVP w Lidzbarku Warmi\u0144skim 28 maja 2022 roku Ania Pacanowska i Marek Go\u0142owacz zorganizowali fascynuj\u0105c\u0105 wycieczk\u0119 po Warmii. Pierwszym etapem by\u0142o Kraszewo.<\/p>\n\n\n\n<h2 class=\"wp-block-heading\">Parafia pw. \u015bw. El\u017cbiety w Kraszewie to jedno z historycznych serc katolickiej wiary na ziemiach warmi\u0144skich. <\/h2>\n\n\n\n<p>Otoczona zieleni\u0105, otwiera swe podwoje na pielgrzym\u00f3w i ciekawskich turyst\u00f3w, przyjmuj\u0105c ich w kr\u0105g swej wiekowej architektury i sztuki. W trakcie niedawnej wycieczki do tej urokliwej miejscowo\u015bci, uczestnicy z zaciekawieniem przygl\u0105dali si\u0119 szczeg\u00f3lnie witra\u017com zdobi\u0105cym wn\u0119trze \u015bwi\u0105tyni. Ale zanim zag\u0142\u0119bimy si\u0119 w \u015bwietliste historie tych barwnych okien, pozw\u00f3lcie, \u017ce opowiemy nieco o korzeniach tego niezwyk\u0142ego miejsca.<\/p>\n\n\n\n<p>Parafia \u015bw. El\u017cbiety w Kraszewie le\u017cy w dekanacie Lidzbark Warmi\u0144ski, nale\u017c\u0105cym do archidiecezji warmi\u0144skiej. Jej dzieje si\u0119gaj\u0105 XIV wieku, kiedy to w latach 1333\u20131342 zosta\u0142a za\u0142o\u017cona przez w\u00f3jta krajowego Henryka Lutra, a nadanie jej 61,5 ha zatwierdzi\u0142 biskup Jan Stryprock w 1359 roku. To w\u0142a\u015bnie w tym czasie prawdopodobnie powsta\u0142 pierwszy ko\u015bci\u00f3\u0142, kt\u00f3ry jednak uleg\u0142 spaleniu w 1651 roku. Odbudowano go w 1718 roku, powi\u0119kszaj\u0105c ku wschodowi przez dobudow\u0119 prezbiterium. P\u00f3\u017aniej, w 1858 roku, drewnian\u0105 wie\u017c\u0119 rozebrano, a w 1861 przed\u0142u\u017cono ko\u015bci\u00f3\u0142 ku zachodowi, wznosz\u0105c wie\u017c\u0119 murowan\u0105.<\/p>\n\n\n\n<p>Budowla przesz\u0142a przez wiele metamorfoz, trac\u0105c sw\u00f3j pierwotny charakter. W nawie ko\u015bcio\u0142a znajduje si\u0119 strop z 1861 roku, a w prezbiterium zachowa\u0142a si\u0119 polichromia \u015bcienna, datowana na rok 1726 i autorstwa Macieja Meyera. W sklepieniu kaplicy chrzcielnej mo\u017cna podziwia\u0107 malarsk\u0105 dekoracj\u0119 o motywach rokokowych z II po\u0142owy XVIII wieku. O\u0142tarz g\u0142\u00f3wny, pochodz\u0105cy oko\u0142o 1800 roku, wykonany w stylu rokokowo-klasycystycznym, jest dzie\u0142em Christiana Bernarda Szultza. Ch\u00f3r muzyczny oraz prospekt organowy, zwie\u0144czony krucyfiksem, pochodz\u0105 z p\u00f3\u017anego baroku, z oko\u0142o po\u0142owy XVIII wieku.<\/p>\n\n\n\n<p>W otoczeniu ko\u015bcio\u0142a rozci\u0105ga\u0142 si\u0119 niegdy\u015b cmentarz, obecnie ju\u017c nieczynny, z pojedynczymi, czasem nieczytelnymi nagrobkami. Najstarszy datowany nagrobek pochodzi z 1901 roku. Na p\u00f3\u0142nocnej stronie ko\u015bcio\u0142a usytuowana jest kaplica ufundowana oko\u0142o 1726 roku przez miejscowego proboszcza Jana Jakuba Burcherta. Obecna kaplica, wzniesiona w XIX wieku, mie\u015bci wewn\u0105trz barokowy o\u0142tarzyk z obrazem \u015bw. Rocha z pierwszej po\u0142owy XVIII wieku.<\/p>\n\n\n\n<h2 class=\"wp-block-heading\">Jedn\u0105 z fascynuj\u0105cych postaci zwi\u0105zanych z t\u0105 parafi\u0105 jest ks. Ferdynand Podlech. <\/h2>\n\n\n\n<p>Od 1919 roku pe\u0142ni\u0142 on funkcj\u0119 proboszcza parafii w Kraszewie. Podczas II wojny \u015bwiatowej, n\u0119kany przez w\u0142adze nazistowskie, kontynuowa\u0142 swoj\u0105 duszpastersk\u0105 prac\u0119 w\u015br\u00f3d m\u0142odzie\u017cy. W 1945 roku, kiedy parafianie byli zagro\u017ceni przez \u017co\u0142nierzy sowieckich, stan\u0105\u0142 w ich obronie, za co zosta\u0142 wywieziony do radzieckich \u0142agr\u00f3w. Zmar\u0142 w 1946 roku w kopalni odkrywkowej wapienia na Syberii. Jego \u017cycie i heroiczna postawa sprawiaj\u0105, \u017ce mo\u017ce on by\u0107 w przysz\u0142o\u015bci b\u0142ogos\u0142awionym, jako jedna z trzydziestu pi\u0119ciu warmi\u0144skich m\u0119czennik\u00f3w.<\/p>\n\n\n\n<p>Wr\u00f3\u0107my jednak do naszej wycieczki, kt\u00f3rej uczestnicy g\u0142\u00f3wnie interesowali si\u0119 witra\u017cami zdobi\u0105cymi wn\u0119trze ko\u015bcio\u0142a. To w\u0142a\u015bnie te kolorowe szk\u0142a, przepuszczaj\u0105c \u015bwiat\u0142o, tworz\u0105 niepowtarzaln\u0105 atmosfer\u0119 tego miejsca. Przedstawiaj\u0105 one sceny z \u017cycia \u015bwi\u0119tych i biblijne opowie\u015bci, o\u017cywiaj\u0105c wn\u0119trze \u015bwi\u0105tyni barwami i \u015bwiat\u0142em. Ka\u017cdy z witra\u017cy jest ma\u0142ym arcydzie\u0142em sztuki, kt\u00f3rej pi\u0119kno trwa przez wieki, kontynuuj\u0105c swoj\u0105 misj\u0119 opowiadania historii wiary i czci.<\/p>\n\n\n\n<p>Wizyta w ko\u015bciele pw. \u015bw. El\u017cbiety w Kraszewie to podr\u00f3\u017c przez wieki historii i sztuki, spotkanie z pi\u0119knem i g\u0142\u0119bi\u0105 katolickiej tradycji. Jest to miejsce, kt\u00f3re nie tylko przyci\u0105ga wzrok, ale r\u00f3wnie\u017c pobudza ducha do refleksji i modlitwy. Przez swoj\u0105 architektur\u0119, dzie\u0142a sztuki i histori\u0119, wpisuje si\u0119 ono w krajobraz duchowy <a href=\"https:\/\/naszsenior.pl\/senior%20game\/\" data-type=\"link\" data-id=\"https:\/\/naszsenior.pl\/senior%20game\/\" target=\"_blank\" rel=\"noreferrer noopener\">ziemi warmi\u0144skiej<\/a>, pozostawiaj\u0105c niezatarte \u015blady w sercach odwiedzaj\u0105cych.<\/p>\n\n\n\n<figure class=\"wp-block-gallery has-nested-images columns-default is-cropped wp-block-gallery-1 is-layout-flex wp-block-gallery-is-layout-flex\">\n<figure class=\"wp-block-image size-large\"><img fetchpriority=\"high\" decoding=\"async\" width=\"684\" height=\"1024\" data-id=\"4332\" src=\"https:\/\/arsvitrea.pl\/wp-content\/uploads\/2024\/05\/DSC_2249-684x1024.jpeg\" alt=\"\" class=\"wp-image-4332\" srcset=\"https:\/\/arsvitrea.pl\/wp-content\/uploads\/2024\/05\/DSC_2249-684x1024.jpeg 684w, https:\/\/arsvitrea.pl\/wp-content\/uploads\/2024\/05\/DSC_2249-200x300.jpeg 200w, https:\/\/arsvitrea.pl\/wp-content\/uploads\/2024\/05\/DSC_2249-768x1150.jpeg 768w, https:\/\/arsvitrea.pl\/wp-content\/uploads\/2024\/05\/DSC_2249.jpeg 1000w\" sizes=\"(max-width: 684px) 100vw, 684px\" \/><\/figure>\n\n\n\n<figure class=\"wp-block-image size-large\"><img decoding=\"async\" width=\"640\" height=\"1024\" data-id=\"4333\" src=\"https:\/\/arsvitrea.pl\/wp-content\/uploads\/2024\/05\/DSC_2250-640x1024.jpeg\" alt=\"\" class=\"wp-image-4333\" srcset=\"https:\/\/arsvitrea.pl\/wp-content\/uploads\/2024\/05\/DSC_2250-640x1024.jpeg 640w, https:\/\/arsvitrea.pl\/wp-content\/uploads\/2024\/05\/DSC_2250-187x300.jpeg 187w, https:\/\/arsvitrea.pl\/wp-content\/uploads\/2024\/05\/DSC_2250.jpeg 698w\" sizes=\"(max-width: 640px) 100vw, 640px\" \/><\/figure>\n\n\n\n<figure class=\"wp-block-image size-large\"><img decoding=\"async\" width=\"425\" height=\"626\" data-id=\"4341\" src=\"https:\/\/arsvitrea.pl\/wp-content\/uploads\/2024\/05\/DSC_2273.jpeg\" alt=\"\" class=\"wp-image-4341\" srcset=\"https:\/\/arsvitrea.pl\/wp-content\/uploads\/2024\/05\/DSC_2273.jpeg 425w, https:\/\/arsvitrea.pl\/wp-content\/uploads\/2024\/05\/DSC_2273-204x300.jpeg 204w\" sizes=\"(max-width: 425px) 100vw, 425px\" \/><\/figure>\n\n\n\n<figure class=\"wp-block-image size-large\"><img loading=\"lazy\" decoding=\"async\" width=\"385\" height=\"649\" data-id=\"4335\" src=\"https:\/\/arsvitrea.pl\/wp-content\/uploads\/2024\/05\/DSC_2252.jpeg\" alt=\"\" class=\"wp-image-4335\" srcset=\"https:\/\/arsvitrea.pl\/wp-content\/uploads\/2024\/05\/DSC_2252.jpeg 385w, https:\/\/arsvitrea.pl\/wp-content\/uploads\/2024\/05\/DSC_2252-178x300.jpeg 178w\" sizes=\"(max-width: 385px) 100vw, 385px\" \/><\/figure>\n\n\n\n<figure class=\"wp-block-image size-large\"><img loading=\"lazy\" decoding=\"async\" width=\"403\" height=\"686\" data-id=\"4334\" src=\"https:\/\/arsvitrea.pl\/wp-content\/uploads\/2024\/05\/DSC_2251.jpeg\" alt=\"\" class=\"wp-image-4334\" srcset=\"https:\/\/arsvitrea.pl\/wp-content\/uploads\/2024\/05\/DSC_2251.jpeg 403w, https:\/\/arsvitrea.pl\/wp-content\/uploads\/2024\/05\/DSC_2251-176x300.jpeg 176w\" sizes=\"(max-width: 403px) 100vw, 403px\" \/><\/figure>\n\n\n\n<figure class=\"wp-block-image size-large\"><img loading=\"lazy\" decoding=\"async\" width=\"1000\" height=\"667\" data-id=\"4345\" src=\"https:\/\/arsvitrea.pl\/wp-content\/uploads\/2024\/05\/DSC_2281.jpeg\" alt=\"\" class=\"wp-image-4345\" srcset=\"https:\/\/arsvitrea.pl\/wp-content\/uploads\/2024\/05\/DSC_2281.jpeg 1000w, https:\/\/arsvitrea.pl\/wp-content\/uploads\/2024\/05\/DSC_2281-300x200.jpeg 300w, https:\/\/arsvitrea.pl\/wp-content\/uploads\/2024\/05\/DSC_2281-768x512.jpeg 768w\" sizes=\"(max-width: 1000px) 100vw, 1000px\" \/><\/figure>\n\n\n\n<figure class=\"wp-block-image size-large\"><img loading=\"lazy\" decoding=\"async\" width=\"858\" height=\"398\" data-id=\"4343\" src=\"https:\/\/arsvitrea.pl\/wp-content\/uploads\/2024\/05\/DSC_2276.jpeg\" alt=\"\" class=\"wp-image-4343\" srcset=\"https:\/\/arsvitrea.pl\/wp-content\/uploads\/2024\/05\/DSC_2276.jpeg 858w, https:\/\/arsvitrea.pl\/wp-content\/uploads\/2024\/05\/DSC_2276-300x139.jpeg 300w, https:\/\/arsvitrea.pl\/wp-content\/uploads\/2024\/05\/DSC_2276-768x356.jpeg 768w\" sizes=\"(max-width: 858px) 100vw, 858px\" \/><\/figure>\n\n\n\n<figure class=\"wp-block-image size-large\"><img loading=\"lazy\" decoding=\"async\" width=\"911\" height=\"431\" data-id=\"4342\" src=\"https:\/\/arsvitrea.pl\/wp-content\/uploads\/2024\/05\/DSC_2275.jpeg\" alt=\"\" class=\"wp-image-4342\" srcset=\"https:\/\/arsvitrea.pl\/wp-content\/uploads\/2024\/05\/DSC_2275.jpeg 911w, https:\/\/arsvitrea.pl\/wp-content\/uploads\/2024\/05\/DSC_2275-300x142.jpeg 300w, https:\/\/arsvitrea.pl\/wp-content\/uploads\/2024\/05\/DSC_2275-768x363.jpeg 768w\" sizes=\"(max-width: 911px) 100vw, 911px\" \/><\/figure>\n\n\n\n<figure class=\"wp-block-image size-large\"><img loading=\"lazy\" decoding=\"async\" width=\"531\" height=\"585\" data-id=\"4336\" src=\"https:\/\/arsvitrea.pl\/wp-content\/uploads\/2024\/05\/DSC_2254.jpeg\" alt=\"\" class=\"wp-image-4336\" srcset=\"https:\/\/arsvitrea.pl\/wp-content\/uploads\/2024\/05\/DSC_2254.jpeg 531w, https:\/\/arsvitrea.pl\/wp-content\/uploads\/2024\/05\/DSC_2254-272x300.jpeg 272w\" sizes=\"(max-width: 531px) 100vw, 531px\" \/><\/figure>\n\n\n\n<figure class=\"wp-block-image size-large\"><img loading=\"lazy\" decoding=\"async\" width=\"612\" height=\"623\" data-id=\"4337\" src=\"https:\/\/arsvitrea.pl\/wp-content\/uploads\/2024\/05\/DSC_2255.jpeg\" alt=\"\" class=\"wp-image-4337\" srcset=\"https:\/\/arsvitrea.pl\/wp-content\/uploads\/2024\/05\/DSC_2255.jpeg 612w, https:\/\/arsvitrea.pl\/wp-content\/uploads\/2024\/05\/DSC_2255-295x300.jpeg 295w\" sizes=\"(max-width: 612px) 100vw, 612px\" \/><\/figure>\n\n\n\n<figure class=\"wp-block-image size-large\"><img loading=\"lazy\" decoding=\"async\" width=\"565\" height=\"590\" data-id=\"4338\" src=\"https:\/\/arsvitrea.pl\/wp-content\/uploads\/2024\/05\/DSC_2256.jpeg\" alt=\"\" class=\"wp-image-4338\" srcset=\"https:\/\/arsvitrea.pl\/wp-content\/uploads\/2024\/05\/DSC_2256.jpeg 565w, https:\/\/arsvitrea.pl\/wp-content\/uploads\/2024\/05\/DSC_2256-287x300.jpeg 287w\" sizes=\"(max-width: 565px) 100vw, 565px\" \/><\/figure>\n\n\n\n<figure class=\"wp-block-image size-large\"><img loading=\"lazy\" decoding=\"async\" width=\"517\" height=\"558\" data-id=\"4339\" src=\"https:\/\/arsvitrea.pl\/wp-content\/uploads\/2024\/05\/DSC_2257.jpeg\" alt=\"\" class=\"wp-image-4339\" srcset=\"https:\/\/arsvitrea.pl\/wp-content\/uploads\/2024\/05\/DSC_2257.jpeg 517w, https:\/\/arsvitrea.pl\/wp-content\/uploads\/2024\/05\/DSC_2257-278x300.jpeg 278w\" sizes=\"(max-width: 517px) 100vw, 517px\" \/><\/figure>\n\n\n\n<figure class=\"wp-block-image size-large\"><img loading=\"lazy\" decoding=\"async\" width=\"757\" height=\"618\" data-id=\"4340\" src=\"https:\/\/arsvitrea.pl\/wp-content\/uploads\/2024\/05\/DSC_2263.jpeg\" alt=\"\" class=\"wp-image-4340\" srcset=\"https:\/\/arsvitrea.pl\/wp-content\/uploads\/2024\/05\/DSC_2263.jpeg 757w, https:\/\/arsvitrea.pl\/wp-content\/uploads\/2024\/05\/DSC_2263-300x245.jpeg 300w\" sizes=\"(max-width: 757px) 100vw, 757px\" \/><\/figure>\n\n\n\n<figure class=\"wp-block-image size-large\"><img loading=\"lazy\" decoding=\"async\" width=\"1000\" height=\"667\" data-id=\"4346\" src=\"https:\/\/arsvitrea.pl\/wp-content\/uploads\/2024\/05\/DSC_2284.jpeg\" alt=\"\" class=\"wp-image-4346\" srcset=\"https:\/\/arsvitrea.pl\/wp-content\/uploads\/2024\/05\/DSC_2284.jpeg 1000w, https:\/\/arsvitrea.pl\/wp-content\/uploads\/2024\/05\/DSC_2284-300x200.jpeg 300w, https:\/\/arsvitrea.pl\/wp-content\/uploads\/2024\/05\/DSC_2284-768x512.jpeg 768w\" sizes=\"(max-width: 1000px) 100vw, 1000px\" \/><\/figure>\n\n\n\n<figure class=\"wp-block-image size-large\"><img loading=\"lazy\" decoding=\"async\" width=\"1000\" height=\"667\" data-id=\"4348\" src=\"https:\/\/arsvitrea.pl\/wp-content\/uploads\/2024\/05\/DSC_2287.jpeg\" alt=\"\" class=\"wp-image-4348\" srcset=\"https:\/\/arsvitrea.pl\/wp-content\/uploads\/2024\/05\/DSC_2287.jpeg 1000w, https:\/\/arsvitrea.pl\/wp-content\/uploads\/2024\/05\/DSC_2287-300x200.jpeg 300w, https:\/\/arsvitrea.pl\/wp-content\/uploads\/2024\/05\/DSC_2287-768x512.jpeg 768w\" sizes=\"(max-width: 1000px) 100vw, 1000px\" \/><\/figure>\n\n\n\n<figure class=\"wp-block-image size-large\"><img loading=\"lazy\" decoding=\"async\" width=\"1000\" height=\"667\" data-id=\"4347\" src=\"https:\/\/arsvitrea.pl\/wp-content\/uploads\/2024\/05\/DSC_2286.jpeg\" alt=\"\" class=\"wp-image-4347\" srcset=\"https:\/\/arsvitrea.pl\/wp-content\/uploads\/2024\/05\/DSC_2286.jpeg 1000w, https:\/\/arsvitrea.pl\/wp-content\/uploads\/2024\/05\/DSC_2286-300x200.jpeg 300w, https:\/\/arsvitrea.pl\/wp-content\/uploads\/2024\/05\/DSC_2286-768x512.jpeg 768w\" sizes=\"(max-width: 1000px) 100vw, 1000px\" \/><\/figure>\n\n\n\n<figure class=\"wp-block-image size-large\"><img loading=\"lazy\" decoding=\"async\" width=\"1000\" height=\"667\" data-id=\"4344\" src=\"https:\/\/arsvitrea.pl\/wp-content\/uploads\/2024\/05\/DSC_2280.jpeg\" alt=\"\" class=\"wp-image-4344\" srcset=\"https:\/\/arsvitrea.pl\/wp-content\/uploads\/2024\/05\/DSC_2280.jpeg 1000w, https:\/\/arsvitrea.pl\/wp-content\/uploads\/2024\/05\/DSC_2280-300x200.jpeg 300w, https:\/\/arsvitrea.pl\/wp-content\/uploads\/2024\/05\/DSC_2280-768x512.jpeg 768w\" sizes=\"(max-width: 1000px) 100vw, 1000px\" \/><\/figure>\n\n\n\n<figure class=\"wp-block-image size-large\"><img loading=\"lazy\" decoding=\"async\" width=\"1000\" height=\"667\" data-id=\"4349\" src=\"https:\/\/arsvitrea.pl\/wp-content\/uploads\/2024\/05\/DSC_2289.jpeg\" alt=\"\" class=\"wp-image-4349\" srcset=\"https:\/\/arsvitrea.pl\/wp-content\/uploads\/2024\/05\/DSC_2289.jpeg 1000w, https:\/\/arsvitrea.pl\/wp-content\/uploads\/2024\/05\/DSC_2289-300x200.jpeg 300w, https:\/\/arsvitrea.pl\/wp-content\/uploads\/2024\/05\/DSC_2289-768x512.jpeg 768w\" sizes=\"(max-width: 1000px) 100vw, 1000px\" \/><\/figure>\n<\/figure>\n","protected":false},"excerpt":{"rendered":"<p>Podczas XI konferencji naukowej AVP w Lidzbarku Warmi\u0144skim 28 maja 2022 roku Ania Pacanowska i Marek Go\u0142owacz zorganizowali fascynuj\u0105c\u0105 wycieczk\u0119 po Warmii. Pierwszym etapem by\u0142o Kraszewo. Parafia pw. \u015bw. El\u017cbiety w Kraszewie to jedno z historycznych serc katolickiej wiary na ziemiach warmi\u0144skich. Otoczona zieleni\u0105, otwiera swe podwoje na pielgrzym\u00f3w i ciekawskich turyst\u00f3w, przyjmuj\u0105c ich w [&hellip;]<\/p>\n","protected":false},"author":1,"featured_media":4345,"comment_status":"open","ping_status":"open","sticky":false,"template":"","format":"standard","meta":{"footnotes":""},"categories":[13],"tags":[104,24,99,105,100,101,66,102,103],"class_list":["post-4331","post","type-post","status-publish","format-standard","has-post-thumbnail","hentry","category-wycieczki","tag-anna-pacanowska","tag-ars-vitrea-polona","tag-kraszewo","tag-marek-golowacz","tag-parafia-kraszewo","tag-parafia-sw-elzebiety-w-kraszewie","tag-stowarzyszenie-milosnikow-witrazy","tag-wycieczka-avp","tag-wycieczka-avp-na-warmii"],"_links":{"self":[{"href":"https:\/\/arsvitrea.pl\/index.php\/wp-json\/wp\/v2\/posts\/4331","targetHints":{"allow":["GET"]}}],"collection":[{"href":"https:\/\/arsvitrea.pl\/index.php\/wp-json\/wp\/v2\/posts"}],"about":[{"href":"https:\/\/arsvitrea.pl\/index.php\/wp-json\/wp\/v2\/types\/post"}],"author":[{"embeddable":true,"href":"https:\/\/arsvitrea.pl\/index.php\/wp-json\/wp\/v2\/users\/1"}],"replies":[{"embeddable":true,"href":"https:\/\/arsvitrea.pl\/index.php\/wp-json\/wp\/v2\/comments?post=4331"}],"version-history":[{"count":4,"href":"https:\/\/arsvitrea.pl\/index.php\/wp-json\/wp\/v2\/posts\/4331\/revisions"}],"predecessor-version":[{"id":4353,"href":"https:\/\/arsvitrea.pl\/index.php\/wp-json\/wp\/v2\/posts\/4331\/revisions\/4353"}],"wp:featuredmedia":[{"embeddable":true,"href":"https:\/\/arsvitrea.pl\/index.php\/wp-json\/wp\/v2\/media\/4345"}],"wp:attachment":[{"href":"https:\/\/arsvitrea.pl\/index.php\/wp-json\/wp\/v2\/media?parent=4331"}],"wp:term":[{"taxonomy":"category","embeddable":true,"href":"https:\/\/arsvitrea.pl\/index.php\/wp-json\/wp\/v2\/categories?post=4331"},{"taxonomy":"post_tag","embeddable":true,"href":"https:\/\/arsvitrea.pl\/index.php\/wp-json\/wp\/v2\/tags?post=4331"}],"curies":[{"name":"wp","href":"https:\/\/api.w.org\/{rel}","templated":true}]}}