{"id":4312,"date":"2024-04-07T10:26:23","date_gmt":"2024-04-07T10:26:23","guid":{"rendered":"https:\/\/arsvitrea.pl\/?p=4312"},"modified":"2024-04-26T11:20:18","modified_gmt":"2024-04-26T11:20:18","slug":"zaproszenie-na-konferencje-naukowa-witraze-wobec-zagrozen-i-wyzwan-xxi-wieku","status":"publish","type":"post","link":"https:\/\/arsvitrea.pl\/index.php\/2024\/04\/07\/zaproszenie-na-konferencje-naukowa-witraze-wobec-zagrozen-i-wyzwan-xxi-wieku\/","title":{"rendered":"Zaproszenie na konferencj\u0119 naukow\u0105 &#8211; Witra\u017ce wobec zagro\u017ce\u0144 i wyzwa\u0144 XXI wieku."},"content":{"rendered":"\n<h2 class=\"wp-block-heading\">W dniach 18-20 pa\u017adziernika 2024 roku Toru\u0144 stanie si\u0119 centrum dyskusji o przysz\u0142o\u015bci i ochronie witra\u017cy.<\/h2>\n\n\n\n<h3 class=\"wp-block-heading\">Stowarzyszenie Mi\u0142o\u015bnik\u00f3w Witra\u017cy Ars Vitrea Polona we wsp\u00f3\u0142pracy z Uniwersytetem Miko\u0142aja Kopernika,<\/h3>\n\n\n\n<p>w sercu jednego z najstarszych miast akademickich w Polsce, organizuje <a href=\"https:\/\/barwyszkla.pl\/program-x-konferencji-naukowej-ars-vitrea-polona-legionowo-2018-r\/\">konferencj\u0119 naukow\u0105<\/a> pt. &#8222;<strong>Witra\u017ce wobec zagro\u017ce\u0144 i wyzwa\u0144 XXI wieku<\/strong>&#8222;. W ponad dwudziestoletniej historii stowarzyszenia wydarzenie po raz XII zgromadzi ekspert\u00f3w i pasjonat\u00f3w sztuki witra\u017cu, kt\u00f3rzy przez trzy dni b\u0119d\u0105 dzieli\u0107 si\u0119 wiedz\u0105, do\u015bwiadczeniami i innowacyjnymi pomys\u0142ami na ochron\u0119 tego unikatowego dziedzictwa.<\/p>\n\n\n\n<h3 class=\"wp-block-heading\">Celem konferencji jest nie tylko wymiana wiedzy naukowej, ale tak\u017ce integracja \u015brodowiska akademickiego, muzealnego oraz konserwatorskiego wok\u00f3\u0142 wsp\u00f3lnego celu &#8211; ochrony witra\u017cy.<\/h3>\n\n\n\n<p>Sesje konferencyjne obejmowa\u0107 b\u0119d\u0105 szeroki wachlarz temat\u00f3w, od technik konserwacji, poprzez analiz\u0119 przypadk\u00f3w z r\u00f3\u017cnych zak\u0105tk\u00f3w \u015bwiata, a\u017c po strategie adaptacji do zmieniaj\u0105cych si\u0119 warunk\u00f3w \u015brodowiskowych i spo\u0142ecznych.<\/p>\n\n\n\n<h3 class=\"wp-block-heading\">Jednym z kluczowych zagadnie\u0144 poruszanych na konferencji b\u0119d\u0105 nowoczesne metody konserwacji witra\u017cy.<\/h3>\n\n\n\n<p>Uczestnicy b\u0119d\u0105 mieli okazj\u0119 dowiedzie\u0107 si\u0119 o najnowszych osi\u0105gni\u0119ciach w tej dziedzinie, w tym o zastosowaniu technologii cyfrowych do dokumentacji i rekonstrukcji zabytkowych witra\u017cy. Przybli\u017cone zostan\u0105 r\u00f3wnie\u017c przypadki konserwacji witra\u017cy zniszczonych w wyniku katastrof naturalnych lub ludzkiej dzia\u0142alno\u015bci.<\/p>\n\n\n\n<p>Konferencja b\u0119dzie r\u00f3wnie\u017c okazj\u0105 do prezentacji bada\u0144 naukowych dotycz\u0105cych historii i technologii produkcji witra\u017cy. Zaplanowane s\u0105 wyk\u0142ady na temat ewolucji technik witra\u017cowych od \u015bredniowiecza po wsp\u00f3\u0142czesno\u015b\u0107 oraz sesje dotycz\u0105ce analizy materia\u0142owej i chemii szk\u0142a. Badacze z r\u00f3\u017cnych o\u015brodk\u00f3w naukowych przedstawi\u0105 wyniki swoich najnowszych prac, co pozwoli uczestnikom na g\u0142\u0119bsze zrozumienie materia\u0142\u00f3w i metod, kt\u00f3re mog\u0105 wp\u0142yn\u0105\u0107 na d\u0142ugotrwa\u0142\u0105 ochron\u0119 witra\u017cy.<\/p>\n\n\n\n<h3 class=\"wp-block-heading\">Opr\u00f3cz sesji naukowych, organizatorzy przewidzieli r\u00f3wnie\u017c fascynuj\u0105c\u0105 wycieczk\u0119, podczas kt\u00f3rej uczestnicy obejrz\u0105 pere\u0142ki sztuki witra\u017cu tego regionu Polski.<\/h3>\n\n\n\n<p>Uniwersytet Miko\u0142aja Kopernika w Toruniu jest nie tylko presti\u017cowym o\u015brodkiem akademickim, ale r\u00f3wnie\u017c miejscem o bogatej historii i kulturze, co czyni go idealnym miejscem do rozm\u00f3w na temat przesz\u0142o\u015bci, tera\u017aniejszo\u015bci i przysz\u0142o\u015bci sztuki witra\u017cowej. Oczekuje si\u0119, \u017ce konferencja przyci\u0105gnie naukowc\u00f3w, konserwator\u00f3w, kurator\u00f3w muzealnych oraz student\u00f3w z ca\u0142ej Polski, co sprzyja\u0107 b\u0119dzie wymianie mi\u0119dzynarodowych do\u015bwiadcze\u0144 i perspektyw.<\/p>\n\n\n\n<h3 class=\"wp-block-heading\">Zach\u0119camy wszystkich mi\u0142o\u015bnik\u00f3w sztuki, naukowc\u00f3w, student\u00f3w oraz profesjonalist\u00f3w zwi\u0105zanych z konserwacj\u0105 i badaniami nad szk\u0142em i witra\u017cami do udzia\u0142u w tej wyj\u0105tkowej konferencji.<\/h3>\n\n\n\n<p>Rejestracja na wydarzenie b\u0119dzie wkr\u00f3tce otwarta, a wi\u0119cej informacji, w tym szczeg\u00f3\u0142owy program i informacje o go\u015bciach specjalnych, mo\u017cna znale\u017a\u0107 wkr\u00f3tce na naszej stronie internetowej.<\/p>\n\n\n\n<h3 class=\"wp-block-heading\">Do\u0142\u0105cz do nas w Toruniu, by wsp\u00f3lnie szuka\u0107 odpowiedzi na pytanie, jak mo\u017cemy chroni\u0107 i promowa\u0107 witra\u017ce jako wa\u017cny element naszego kulturowego dziedzictwa w obliczu wyzwa\u0144 XXI wieku.<\/h3>\n","protected":false},"excerpt":{"rendered":"<p>W dniach 18-20 pa\u017adziernika 2024 roku Toru\u0144 stanie si\u0119 centrum dyskusji o przysz\u0142o\u015bci i ochronie witra\u017cy. Stowarzyszenie Mi\u0142o\u015bnik\u00f3w Witra\u017cy Ars Vitrea Polona we wsp\u00f3\u0142pracy z Uniwersytetem Miko\u0142aja Kopernika, w sercu jednego z najstarszych miast akademickich w Polsce, organizuje konferencj\u0119 naukow\u0105 pt. &#8222;Witra\u017ce wobec zagro\u017ce\u0144 i wyzwa\u0144 XXI wieku&#8222;. W ponad dwudziestoletniej historii stowarzyszenia wydarzenie po [&hellip;]<\/p>\n","protected":false},"author":1,"featured_media":4314,"comment_status":"open","ping_status":"open","sticky":false,"template":"","format":"standard","meta":{"footnotes":""},"categories":[6,7],"tags":[24,35,66,96],"class_list":["post-4312","post","type-post","status-publish","format-standard","has-post-thumbnail","hentry","category-konferencja2024","category-konferencje","tag-ars-vitrea-polona","tag-konferencja-naukowa","tag-stowarzyszenie-milosnikow-witrazy","tag-uniwersytet-mikolaja-kopernika"],"_links":{"self":[{"href":"https:\/\/arsvitrea.pl\/index.php\/wp-json\/wp\/v2\/posts\/4312","targetHints":{"allow":["GET"]}}],"collection":[{"href":"https:\/\/arsvitrea.pl\/index.php\/wp-json\/wp\/v2\/posts"}],"about":[{"href":"https:\/\/arsvitrea.pl\/index.php\/wp-json\/wp\/v2\/types\/post"}],"author":[{"embeddable":true,"href":"https:\/\/arsvitrea.pl\/index.php\/wp-json\/wp\/v2\/users\/1"}],"replies":[{"embeddable":true,"href":"https:\/\/arsvitrea.pl\/index.php\/wp-json\/wp\/v2\/comments?post=4312"}],"version-history":[{"count":4,"href":"https:\/\/arsvitrea.pl\/index.php\/wp-json\/wp\/v2\/posts\/4312\/revisions"}],"predecessor-version":[{"id":4319,"href":"https:\/\/arsvitrea.pl\/index.php\/wp-json\/wp\/v2\/posts\/4312\/revisions\/4319"}],"wp:featuredmedia":[{"embeddable":true,"href":"https:\/\/arsvitrea.pl\/index.php\/wp-json\/wp\/v2\/media\/4314"}],"wp:attachment":[{"href":"https:\/\/arsvitrea.pl\/index.php\/wp-json\/wp\/v2\/media?parent=4312"}],"wp:term":[{"taxonomy":"category","embeddable":true,"href":"https:\/\/arsvitrea.pl\/index.php\/wp-json\/wp\/v2\/categories?post=4312"},{"taxonomy":"post_tag","embeddable":true,"href":"https:\/\/arsvitrea.pl\/index.php\/wp-json\/wp\/v2\/tags?post=4312"}],"curies":[{"name":"wp","href":"https:\/\/api.w.org\/{rel}","templated":true}]}}