{"id":4099,"date":"2016-08-09T10:08:00","date_gmt":"2016-08-09T09:08:00","guid":{"rendered":"http:\/\/www.stowarzyszenie-witrazy.pl\/?p=1"},"modified":"2016-08-09T10:08:00","modified_gmt":"2016-08-09T09:08:00","slug":"zebranie-w-krakowie","status":"publish","type":"post","link":"https:\/\/arsvitrea.pl\/index.php\/2016\/08\/09\/zebranie-w-krakowie\/","title":{"rendered":"Drogie Kole\u017canki i Drodzy Koledzy,"},"content":{"rendered":"<p><img fetchpriority=\"high\" decoding=\"async\" class=\"alignnone size-full wp-image-1276\" src=\"http:\/\/arsvitrea.pl\/wp-content\/uploads\/2016\/08\/avp-konferencja-lublin-kozlowka.jpg\" alt=\"\" width=\"1000\" height=\"628\" srcset=\"https:\/\/arsvitrea.pl\/wp-content\/uploads\/2016\/08\/avp-konferencja-lublin-kozlowka.jpg 1000w, https:\/\/arsvitrea.pl\/wp-content\/uploads\/2016\/08\/avp-konferencja-lublin-kozlowka-300x188.jpg 300w, https:\/\/arsvitrea.pl\/wp-content\/uploads\/2016\/08\/avp-konferencja-lublin-kozlowka-768x482.jpg 768w\" sizes=\"(max-width: 1000px) 100vw, 1000px\" \/><\/p>\n<p>nieuchronnie zbli\u017ca si\u0119 termin podj\u0119cia decyzji w sprawie dalszych los\u00f3w naszego stowarzyszenia.<br \/>\nJak pami\u0119tacie, od pewnego czasu sygnalizuj\u0119 ch\u0119\u0107 zrezygnowania z funkcji prezesa.<br \/>\nPe\u0142ni\u0119 t\u0119 zaszczytn\u0105 s\u0142u\u017cb\u0119 od o\u015bmiu lat \u2013 przez dwie kadencje, podobnie jak Krysia Paw\u0142owska,<br \/>\nkt\u00f3ra \u2013 za Wasz\u0105 zgod\u0105 \u2013 przekaza\u0142a mi przewodzenie stowarzyszeniem przez siebie wymy\u015blonym<br \/>\ni za\u0142o\u017conym. Pora na zmiany. Mam nadziej\u0119, \u017ce w gronie licz\u0105cym ponad p\u00f3\u0142 setki cz\u0142onk\u00f3w nie<br \/>\nzabraknie ch\u0119tnych do kontynuowania pracy i moj\u0105 skrzynk\u0119 pocztow\u0105 \u201ezatkaj\u0105\u201d liczne zg\u0142oszenia.<\/p>\n<p><strong>ZEBRANIE odb\u0119dzie si\u0119 w Krakowie 22 X 2016 r. o godz. 12, <\/strong><br \/>\n<strong>w sali u\u017cyczonej nam przez Wydzia\u0142 Restauracji i Konserwacji Dzie\u0142 Sztuki ASP przy <\/strong><br \/>\n<strong>ul. J. Lea 27\/29 (I pi\u0119tro).<\/strong><\/p>\n<p>Mam nadziej\u0119, \u017ce wszyscy stawi\u0105 si\u0119, aby spe\u0142ni\u0107 obowi\u0105zek cz\u0142onka AVP.<\/p>\n<p>Serdecznie zapraszam!<\/p>\n<p>Danuta Czapczy\u0144ska-Kleszczy\u0144ska<\/p>\n","protected":false},"excerpt":{"rendered":"<p>nieuchronnie zbli\u017ca si\u0119 termin podj\u0119cia decyzji w sprawie dalszych los\u00f3w naszego stowarzyszenia. Jak pami\u0119tacie, od pewnego czasu sygnalizuj\u0119 ch\u0119\u0107 zrezygnowania z funkcji prezesa. Pe\u0142ni\u0119 t\u0119 zaszczytn\u0105 s\u0142u\u017cb\u0119 od o\u015bmiu lat \u2013 przez dwie kadencje, podobnie jak Krysia Paw\u0142owska, kt\u00f3ra \u2013 za Wasz\u0105 zgod\u0105 \u2013 przekaza\u0142a mi przewodzenie stowarzyszeniem przez siebie wymy\u015blonym i za\u0142o\u017conym. Pora na [&hellip;]<\/p>\n","protected":false},"author":1,"featured_media":1276,"comment_status":"open","ping_status":"open","sticky":false,"template":"","format":"standard","meta":{"footnotes":""},"categories":[9],"tags":[],"class_list":["post-4099","post","type-post","status-publish","format-standard","has-post-thumbnail","hentry","category-ogloszenia"],"_links":{"self":[{"href":"https:\/\/arsvitrea.pl\/index.php\/wp-json\/wp\/v2\/posts\/4099","targetHints":{"allow":["GET"]}}],"collection":[{"href":"https:\/\/arsvitrea.pl\/index.php\/wp-json\/wp\/v2\/posts"}],"about":[{"href":"https:\/\/arsvitrea.pl\/index.php\/wp-json\/wp\/v2\/types\/post"}],"author":[{"embeddable":true,"href":"https:\/\/arsvitrea.pl\/index.php\/wp-json\/wp\/v2\/users\/1"}],"replies":[{"embeddable":true,"href":"https:\/\/arsvitrea.pl\/index.php\/wp-json\/wp\/v2\/comments?post=4099"}],"version-history":[{"count":0,"href":"https:\/\/arsvitrea.pl\/index.php\/wp-json\/wp\/v2\/posts\/4099\/revisions"}],"wp:featuredmedia":[{"embeddable":true,"href":"https:\/\/arsvitrea.pl\/index.php\/wp-json\/wp\/v2\/media\/1276"}],"wp:attachment":[{"href":"https:\/\/arsvitrea.pl\/index.php\/wp-json\/wp\/v2\/media?parent=4099"}],"wp:term":[{"taxonomy":"category","embeddable":true,"href":"https:\/\/arsvitrea.pl\/index.php\/wp-json\/wp\/v2\/categories?post=4099"},{"taxonomy":"post_tag","embeddable":true,"href":"https:\/\/arsvitrea.pl\/index.php\/wp-json\/wp\/v2\/tags?post=4099"}],"curies":[{"name":"wp","href":"https:\/\/api.w.org\/{rel}","templated":true}]}}