{"id":4062,"date":"2023-12-25T15:35:32","date_gmt":"2023-12-25T14:35:32","guid":{"rendered":"https:\/\/www.stowarzyszenie-witrazy.pl\/?p=4062"},"modified":"2023-12-25T15:35:32","modified_gmt":"2023-12-25T14:35:32","slug":"boze-narodzenie-2023-r","status":"publish","type":"post","link":"https:\/\/arsvitrea.pl\/index.php\/2023\/12\/25\/boze-narodzenie-2023-r\/","title":{"rendered":"Bo\u017ce Narodzenie 2023  i Nowy 2024 Rok"},"content":{"rendered":"<h4><img fetchpriority=\"high\" decoding=\"async\" class=\"alignleft wp-image-4063 size-medium\" src=\"http:\/\/arsvitrea.pl\/wp-content\/uploads\/2023\/12\/d3d8a50e-dee5-4c76-a8df-39e3f3db4a49-300x300.jpeg\" alt=\"\" width=\"300\" height=\"300\" srcset=\"https:\/\/arsvitrea.pl\/wp-content\/uploads\/2023\/12\/d3d8a50e-dee5-4c76-a8df-39e3f3db4a49-300x300.jpeg 300w, https:\/\/arsvitrea.pl\/wp-content\/uploads\/2023\/12\/d3d8a50e-dee5-4c76-a8df-39e3f3db4a49-150x150.jpeg 150w, https:\/\/arsvitrea.pl\/wp-content\/uploads\/2023\/12\/d3d8a50e-dee5-4c76-a8df-39e3f3db4a49-768x768.jpeg 768w, https:\/\/arsvitrea.pl\/wp-content\/uploads\/2023\/12\/d3d8a50e-dee5-4c76-a8df-39e3f3db4a49.jpeg 1024w\" sizes=\"(max-width: 300px) 100vw, 300px\" \/><\/h4>\n<h4>Kole\u017canki, Koledzy, Sympatycy Ars Vitrea Polona,<\/h4>\n<p>zmiany klimatyczne sprawiaj\u0105, \u017ce i w tym roku \u015bniegu jest niewiele. Sp\u0119dzenie czasu w zimowej atmosferze wymaga sporo wysi\u0142ku i wypadu w bardziej zimne rejony. Tym niemniej mam nadziej\u0119 na chocia\u017c kr\u00f3tki okres \u015bnie\u017cnej i mro\u017anej pogody. Tymczasem cieszymy si\u0119 \u015bwi\u0119tami Bo\u017cego Narodzenia. Jest ciep\u0142o, rodzinnie, serdecznie i weso\u0142o. Takie to \u015bwi\u0119ta \u2013 przesycone dzieci\u0119cymi zachwytami i kol\u0119dowaniem.<\/p>\n<h5>\u017byczymy u\u015bmiechu, pogody ducha, fascynuj\u0105cych pomys\u0142\u00f3w i si\u0142 do ich realizacji.<\/h5>\n<h5>Zbli\u017caj\u0105cy si\u0119 Nowy 2024 Rok niesie wiele inspiruj\u0105cych zapowiedzi.<\/h5>\n<p>Po wakacjach, kt\u00f3re dla wi\u0119kszo\u015bci z nas up\u0142yn\u0105 pod znakiem wyjazd\u00f3w, zwiedzania, ogl\u0105dania spotkamy si\u0119 w Toruniu. W pa\u017adzierniku zapraszamy na kolejn\u0105 konferencj\u0119 naszego stowarzyszenia. Serdeczno\u015b\u0107 i zapa\u0142 zespo\u0142u Andrzeja Ka\u0142uckiego s\u0105 gwarancj\u0105 fantastycznych dni. Wszyscy liczmy na szeroki udzia\u0142 w tym wa\u017cnym wydarzeniu a mury Uniwersytetu Miko\u0142aja Kopernika ju\u017c czekaj\u0105.<\/p>\n<p>Wcze\u015bniej powinno by\u0107 dost\u0119pne kolejne wydawnictwo AVP. Tym razem b\u0119dzie to publikacja po konferencji w Lidzbarku Warmi\u0144skim. Na pewno wspominacie to spotkanie przesycone magi\u0105 miejsca, gdzie wisienk\u0105 na torcie ciekawych wyk\u0142ad\u00f3w by\u0142a wycieczka po tajemniczych i zaskakuj\u0105cych zak\u0105tkach Warmii.<\/p>\n<p>zmiany klimatyczne sprawiaj, \u017ce i w tym roku \u015bniegu jest niewiele. Sp\u0119dzenie czasu w zimowej atmosferze wymaga sporo wysi\u0142ku i wypad w bardziej zimne rejony. Tym niemniej mam nadziej\u0119 na chocia\u017c kr\u00f3tki okres \u015bnie\u017cnej i mro\u017anej pogody. Tymczasem cieszymy si\u0119 \u015bwi\u0119tami Bo\u017cego Narodzenia. Jest ciep\u0142o, rodzinnie, serdecznie i weso\u0142o. Takie to \u015bwi\u0119ta &#8211; przesycone dzieci\u0119cymi zachwytami i kol\u0119dowaniem.<\/p>\n<h5>\u017byczymy u\u015bmiechu, pogody ducha, fascynuj\u0105cych pomys\u0142\u00f3w i si\u0142 do ich realizacji.<\/h5>\n<h6>Zbli\u017caj\u0105cy si\u0119 Nowy 2024 Rok niesie wiele inspiruj\u0105cych zapowiedzi.<\/h6>\n<p>Po wakacjach, kt\u00f3re dla wi\u0119kszo\u015bci z nas up\u0142yn\u0105 pod znakiem wyjazd\u00f3w, zwiedzania, ogl\u0105dania, spotka\u0144 spotkamy si\u0119 w Toruniu.\u00a0W pa\u017adzierniku spotkamy si\u0119 na kolejnej konferencji naszego stowarzyszenia. Serdeczno\u015b\u0107 i zapa\u0142 zespo\u0142u Andrzeja Ka\u0142uckiego s\u0105 gwarancj\u0105 fantastycznych dni. Wszyscy liczmy na szeroki udzia\u0142 w tym wa\u017cnym wydarzeniu a mury Uniwersytetu Miko\u0142aja Kopernika ju\u017c czekaj\u0105.<\/p>\n<p>Wcze\u015bniej powinno by\u0107 dost\u0119pne kolejne wydawnictwo AVP. Tym razem b\u0119dzie to publikacja po konferencji w Lidzbarku Warmi\u0144skim. Na pewno wspominacie to spotkanie przesycone magi\u0105 miejsca, gdzie wisienk\u0105 na torcie ciekawych wyk\u0142ad\u00f3w by\u0142a wycieczka po tajemniczych i zaskakuj\u0105cych zak\u0105tkach Warmii.<\/p>\n<p><strong>Naukowcom, muzealnikom<\/strong> &#8211; odkry\u0107, publikacji i wystaw.<\/p>\n<p><strong>Restauratorom<\/strong> &#8211; przywracania do \u017cycia tego co o ma\u0142y w\u0142os nie zosta\u0142o stracone.<\/p>\n<p><strong>Artystom<\/strong> &#8211; natchnionych projekt\u00f3w.<\/p>\n<p><strong>Witra\u017cystom<\/strong> &#8211; pi\u0119knych realizacji, kt\u00f3re b\u0119d\u0105 zdobi\u0142y przez stulecia (pami\u0119tajcie o sygnaturach, aby u\u0142atwi\u0107 prac\u0119 naszym nast\u0119pcom).<\/p>\n<p><strong>Sympatykom<\/strong> &#8211; rado\u015bci z obcowania ze sztuk\u0105 witra\u017cu.<\/p>\n<p><strong>Cz\u0142onkom Honorowym AVP<\/strong> &#8211; cierpliwo\u015bci i wyrozumia\u0142o\u015bci dla nowych pomys\u0142\u00f3w m\u0142odo\u015bci oraz dzielenia si\u0119 do\u015bwiadczeniem i matczyno-ojcowskiej opieki nad stowarzyszeniem.<\/p>\n<p><strong>Nam wszystkim<\/strong> &#8211; spokoju, zdrowia i wolnego miejsca w kalendarzu dla plan\u00f3w.<\/p>\n<p><em>Andrzej Bochacz<\/em><\/p>\n","protected":false},"excerpt":{"rendered":"<p>Kole\u017canki, Koledzy, Sympatycy Ars Vitrea Polona, zmiany klimatyczne sprawiaj\u0105, \u017ce i w tym roku \u015bniegu jest niewiele. Sp\u0119dzenie czasu w zimowej atmosferze wymaga sporo wysi\u0142ku i wypadu w bardziej zimne rejony. Tym niemniej mam nadziej\u0119 na chocia\u017c kr\u00f3tki okres \u015bnie\u017cnej i mro\u017anej pogody. Tymczasem cieszymy si\u0119 \u015bwi\u0119tami Bo\u017cego Narodzenia. Jest ciep\u0142o, rodzinnie, serdecznie i weso\u0142o. [&hellip;]<\/p>\n","protected":false},"author":1,"featured_media":4063,"comment_status":"closed","ping_status":"closed","sticky":false,"template":"","format":"standard","meta":{"footnotes":""},"categories":[9],"tags":[],"class_list":["post-4062","post","type-post","status-publish","format-standard","has-post-thumbnail","hentry","category-ogloszenia"],"_links":{"self":[{"href":"https:\/\/arsvitrea.pl\/index.php\/wp-json\/wp\/v2\/posts\/4062","targetHints":{"allow":["GET"]}}],"collection":[{"href":"https:\/\/arsvitrea.pl\/index.php\/wp-json\/wp\/v2\/posts"}],"about":[{"href":"https:\/\/arsvitrea.pl\/index.php\/wp-json\/wp\/v2\/types\/post"}],"author":[{"embeddable":true,"href":"https:\/\/arsvitrea.pl\/index.php\/wp-json\/wp\/v2\/users\/1"}],"replies":[{"embeddable":true,"href":"https:\/\/arsvitrea.pl\/index.php\/wp-json\/wp\/v2\/comments?post=4062"}],"version-history":[{"count":0,"href":"https:\/\/arsvitrea.pl\/index.php\/wp-json\/wp\/v2\/posts\/4062\/revisions"}],"wp:featuredmedia":[{"embeddable":true,"href":"https:\/\/arsvitrea.pl\/index.php\/wp-json\/wp\/v2\/media\/4063"}],"wp:attachment":[{"href":"https:\/\/arsvitrea.pl\/index.php\/wp-json\/wp\/v2\/media?parent=4062"}],"wp:term":[{"taxonomy":"category","embeddable":true,"href":"https:\/\/arsvitrea.pl\/index.php\/wp-json\/wp\/v2\/categories?post=4062"},{"taxonomy":"post_tag","embeddable":true,"href":"https:\/\/arsvitrea.pl\/index.php\/wp-json\/wp\/v2\/tags?post=4062"}],"curies":[{"name":"wp","href":"https:\/\/api.w.org\/{rel}","templated":true}]}}