{"id":4028,"date":"2023-04-18T23:37:31","date_gmt":"2023-04-18T22:37:31","guid":{"rendered":"https:\/\/www.stowarzyszenie-witrazy.pl\/?p=4028"},"modified":"2023-04-18T23:37:31","modified_gmt":"2023-04-18T22:37:31","slug":"smutna-informacja-zmarla-prof-dr-hab-anna-sieradzka","status":"publish","type":"post","link":"https:\/\/arsvitrea.pl\/index.php\/2023\/04\/18\/smutna-informacja-zmarla-prof-dr-hab-anna-sieradzka\/","title":{"rendered":"Smutna informacja &#8211; zmar\u0142a prof. dr hab. Anna Sieradzka"},"content":{"rendered":"<p><img fetchpriority=\"high\" decoding=\"async\" class=\"alignnone size-full wp-image-4029\" src=\"http:\/\/arsvitrea.pl\/wp-content\/uploads\/2023\/04\/as.jpg\" alt=\"\" width=\"996\" height=\"647\" srcset=\"https:\/\/arsvitrea.pl\/wp-content\/uploads\/2023\/04\/as.jpg 996w, https:\/\/arsvitrea.pl\/wp-content\/uploads\/2023\/04\/as-300x195.jpg 300w, https:\/\/arsvitrea.pl\/wp-content\/uploads\/2023\/04\/as-768x499.jpg 768w\" sizes=\"(max-width: 996px) 100vw, 996px\" \/>Z wielkim smutkiem informujemy, \u017ce w dniu 18 kwietnia 2023 r. zmar\u0142a dr hab. prof. Uniwersytetu Warszawskiego Anna Sieradzka.<\/p>\n<p>Jako profesor historii sztuki na Uniwersytecie Warszawskim wykszta\u0142ci\u0142a wiele pokole\u0144 specjalist\u00f3w od wzornictwa i rzemios\u0142a oraz badaczy historii designu, zg\u0142\u0119biaj\u0105c tajemnice minionych styl\u00f3w i mody. Jest te\u017c autork\u0105 wielu publikacji, zar\u00f3wno naukowych, jak i popularno-naukowych, dotycz\u0105cych historii rzemios\u0142a, w tym tak lubianych styl\u00f3w jak secesja czy art deco. Pani profesor koncentrowa\u0142a si\u0119 na badaniu szeroko poj\u0119tej historii rzemios\u0142a. Interesowa\u0142a si\u0119 nie tylko na przedmiotach estetycznych, ale tak\u017ce elementy dawnego \u017cycia codziennego, og\u00f3lnego i zwyczajowego. W jej badaniach design i rzemios\u0142o s\u0105 p\u0142ynnie wplecione w tkank\u0119 historii kultury.<\/p>\n<p>Pani Profesor by\u0142a autork\u0105 wielu publikacji z zakresu historii sztuki, rzemios\u0142a artystycznego i kostiumologii.<\/p>\n<p>By\u0142a wyk\u0142adowczyni\u0105 w Instytucie Historii Sztuki Uniwersytetu Warszawskiego oraz przewodnicz\u0105c\u0105 Klubu Kostiumologii i Tkaniny Artystycznej przy Oddziale Warszawskim SHS<\/p>\n<p>Anna Sieradzka by\u0142a aktywnym cz\u0142onkiem naszego Stowarzyszenia Mi\u0142o\u015bnik\u00f3w Witra\u017cy Ars Vitrea Polona.<\/p>\n<p>Jeszcze &#8222;przed chwil\u0105&#8221; w czerwcu 2022 roku obj\u0119\u0142a patronatem merytorycznym IX Og\u00f3lnopolsk\u0105 Sesj\u0119 Naukow\u0105 Polskie art d\u00e9co. Moda i bi\u017cuteria\u201d, organizowan\u0105 przez Muzeum Mazowieckie w P\u0142ocku.<\/p>\n<p>Jeszcze nie tak dawno spotyka\u0142em J\u0105 w salach Muzeum Narodowego w Warszawie, gdzie ze studentami zajmuj\u0105co i z pasj\u0105 snu\u0142a opowie\u015bci o ubiorach dawnych epok.<\/p>\n<p>W 2018 roku uczestniczy\u0142a w naszej jubileuszowej\u00a0X Konferencji Naukowej \u2013 WITRA\u017bE \u2013 SZTUKA WCI\u0104\u017b ODKRYWANA.<\/p>\n<p>B\u0119dzie nam Pani brakowa\u0107, Pani Profesor.<\/p>\n","protected":false},"excerpt":{"rendered":"<p>Z wielkim smutkiem informujemy, \u017ce w dniu 18 kwietnia 2023 r. zmar\u0142a dr hab. prof. Uniwersytetu Warszawskiego Anna Sieradzka. Jako profesor historii sztuki na Uniwersytecie Warszawskim wykszta\u0142ci\u0142a wiele pokole\u0144 specjalist\u00f3w od wzornictwa i rzemios\u0142a oraz badaczy historii designu, zg\u0142\u0119biaj\u0105c tajemnice minionych styl\u00f3w i mody. Jest te\u017c autork\u0105 wielu publikacji, zar\u00f3wno naukowych, jak i popularno-naukowych, dotycz\u0105cych [&hellip;]<\/p>\n","protected":false},"author":1,"featured_media":4029,"comment_status":"closed","ping_status":"closed","sticky":false,"template":"","format":"standard","meta":{"footnotes":""},"categories":[9],"tags":[21],"class_list":["post-4028","post","type-post","status-publish","format-standard","has-post-thumbnail","hentry","category-ogloszenia","tag-anna-sieradzka"],"_links":{"self":[{"href":"https:\/\/arsvitrea.pl\/index.php\/wp-json\/wp\/v2\/posts\/4028","targetHints":{"allow":["GET"]}}],"collection":[{"href":"https:\/\/arsvitrea.pl\/index.php\/wp-json\/wp\/v2\/posts"}],"about":[{"href":"https:\/\/arsvitrea.pl\/index.php\/wp-json\/wp\/v2\/types\/post"}],"author":[{"embeddable":true,"href":"https:\/\/arsvitrea.pl\/index.php\/wp-json\/wp\/v2\/users\/1"}],"replies":[{"embeddable":true,"href":"https:\/\/arsvitrea.pl\/index.php\/wp-json\/wp\/v2\/comments?post=4028"}],"version-history":[{"count":0,"href":"https:\/\/arsvitrea.pl\/index.php\/wp-json\/wp\/v2\/posts\/4028\/revisions"}],"wp:featuredmedia":[{"embeddable":true,"href":"https:\/\/arsvitrea.pl\/index.php\/wp-json\/wp\/v2\/media\/4029"}],"wp:attachment":[{"href":"https:\/\/arsvitrea.pl\/index.php\/wp-json\/wp\/v2\/media?parent=4028"}],"wp:term":[{"taxonomy":"category","embeddable":true,"href":"https:\/\/arsvitrea.pl\/index.php\/wp-json\/wp\/v2\/categories?post=4028"},{"taxonomy":"post_tag","embeddable":true,"href":"https:\/\/arsvitrea.pl\/index.php\/wp-json\/wp\/v2\/tags?post=4028"}],"curies":[{"name":"wp","href":"https:\/\/api.w.org\/{rel}","templated":true}]}}