{"id":3800,"date":"2022-10-31T20:49:12","date_gmt":"2022-10-31T19:49:12","guid":{"rendered":"https:\/\/www.stowarzyszenie-witrazy.pl\/?p=3800"},"modified":"2022-10-31T20:49:12","modified_gmt":"2022-10-31T19:49:12","slug":"regina-rychlowska-molinska","status":"publish","type":"post","link":"https:\/\/arsvitrea.pl\/index.php\/2022\/10\/31\/regina-rychlowska-molinska\/","title":{"rendered":"Regina Rych\u0142owska-Moli\u0144ska"},"content":{"rendered":"<p><img fetchpriority=\"high\" decoding=\"async\" class=\"alignleft wp-image-3801 size-medium\" src=\"http:\/\/arsvitrea.pl\/wp-content\/uploads\/2022\/10\/rychlowska-molinska-1-206x300.jpg\" alt=\"\" width=\"206\" height=\"300\" srcset=\"https:\/\/arsvitrea.pl\/wp-content\/uploads\/2022\/10\/rychlowska-molinska-1-206x300.jpg 206w, https:\/\/arsvitrea.pl\/wp-content\/uploads\/2022\/10\/rychlowska-molinska-1-705x1024.jpg 705w, https:\/\/arsvitrea.pl\/wp-content\/uploads\/2022\/10\/rychlowska-molinska-1-768x1116.jpg 768w, https:\/\/arsvitrea.pl\/wp-content\/uploads\/2022\/10\/rychlowska-molinska-1-1057x1536.jpg 1057w, https:\/\/arsvitrea.pl\/wp-content\/uploads\/2022\/10\/rychlowska-molinska-1.jpg 1192w\" sizes=\"(max-width: 206px) 100vw, 206px\" \/>Regina Rych\u0142owska-Moli\u0144ska (1933 \u2013 2022), absolwentka ASP we Wroc\u0142awiu, projektantka witra\u017cy. W roku 1956 rozpocz\u0119\u0142a prac\u0119 w Krakowskim Zak\u0142adzie Witra\u017c\u00f3w S.G. \u017bele\u0144ski, w kolejnych latach zmieniaj\u0105cym nazwy i w\u0142a\u015bcicieli i pracowa\u0142a w nim do emerytury, pe\u0142ni\u0105c (w l. 1960 \u2013 1990) funkcj\u0119 kolorystki i kierownika artystycznego. Wsp\u00f3\u0142pracowa\u0142a tak\u017ce z krakowsk\u0105 pracowni\u0105 witra\u017cy Testor.<\/p>\n<p>Pierwsze kroki w zawodzie witra\u017cystki stawia\u0142a pod okiem artyst\u00f3w tej miary, co Tadeusz Wojciechowski i W\u0142adys\u0142aw Jastrz\u0119bski. Po latach wspomina\u0142a o radach otrzymanych od Adama Stalony-Dobrza\u0144skiego i Adama \u017bele\u0144skiego.<\/p>\n<p>Zaprojektowa\u0142a witra\u017ce m. in. do ko\u015bcio\u0142\u00f3w w Gdyni-Kacku, Podd\u0119bicach, Radomy\u015blu, Por\u0105bce k. \u017bywca, Wroc\u0142awiu (ko\u015bci\u00f3\u0142 NSPJ), Zebrzydowicach \u015al\u0105skich, \u017bywcu (\u015aw. Faustyna w katedrze). Tworzy\u0142a tak\u017ce projekty przeznaczone do wn\u0119trz mieszkalnych. W roku 1972 podj\u0119\u0142a si\u0119 rekonstrukcji witra\u017ca zniszczonego w 1945 Apollo Sp\u0119tany Stanis\u0142awa Wyspia\u0144skiego \u2013 w siedzibie Towarzystwa Lekarskiego Krakowskiego; o tej pracy opowiedzia\u0142a na sesji AVP, kt\u00f3ra odby\u0142a si\u0119 z okazji 100-lecia \u015bmierci Wyspia\u0144skiego.<\/p>\n<p>Pogrzeb artystki odb\u0119dzie si\u0119 5 listopada 2022 o godz. 12 w \u017bywcu.<\/p>\n<blockquote class=\"wp-embedded-content\" data-secret=\"yr5lElhldW\"><p><a href=\"https:\/\/barwyszkla.pl\/witraze-reginy-rychlowskiej-molinskiej\/\">Witra\u017ce Reginy Rych\u0142owskiej-Moli\u0144skiej<\/a><\/p><\/blockquote>\n<p><iframe class=\"wp-embedded-content\" sandbox=\"allow-scripts\" security=\"restricted\" style=\"position: absolute; clip: rect(1px, 1px, 1px, 1px);\" title=\"&#8222;Witra\u017ce Reginy Rych\u0142owskiej-Moli\u0144skiej&#8221; &#8212; \" src=\"https:\/\/barwyszkla.pl\/witraze-reginy-rychlowskiej-molinskiej\/embed\/#?secret=6NwpfO4YLg#?secret=yr5lElhldW\" data-secret=\"yr5lElhldW\" width=\"600\" height=\"338\" frameborder=\"0\" marginwidth=\"0\" marginheight=\"0\" scrolling=\"no\"><\/iframe><\/p>\n","protected":false},"excerpt":{"rendered":"<p>Regina Rych\u0142owska-Moli\u0144ska (1933 \u2013 2022), absolwentka ASP we Wroc\u0142awiu, projektantka witra\u017cy. W roku 1956 rozpocz\u0119\u0142a prac\u0119 w Krakowskim Zak\u0142adzie Witra\u017c\u00f3w S.G. \u017bele\u0144ski, w kolejnych latach zmieniaj\u0105cym nazwy i w\u0142a\u015bcicieli i pracowa\u0142a w nim do emerytury, pe\u0142ni\u0105c (w l. 1960 \u2013 1990) funkcj\u0119 kolorystki i kierownika artystycznego. Wsp\u00f3\u0142pracowa\u0142a tak\u017ce z krakowsk\u0105 pracowni\u0105 witra\u017cy Testor. Pierwsze kroki [&hellip;]<\/p>\n","protected":false},"author":1,"featured_media":3802,"comment_status":"closed","ping_status":"closed","sticky":false,"template":"","format":"standard","meta":{"footnotes":""},"categories":[9,11],"tags":[59,60,62],"class_list":["post-3800","post","type-post","status-publish","format-standard","has-post-thumbnail","hentry","category-ogloszenia","category-pracownie","tag-regina-rychlowska","tag-regina-rychlowska-molinska","tag-rychlowska-molinska"],"_links":{"self":[{"href":"https:\/\/arsvitrea.pl\/index.php\/wp-json\/wp\/v2\/posts\/3800","targetHints":{"allow":["GET"]}}],"collection":[{"href":"https:\/\/arsvitrea.pl\/index.php\/wp-json\/wp\/v2\/posts"}],"about":[{"href":"https:\/\/arsvitrea.pl\/index.php\/wp-json\/wp\/v2\/types\/post"}],"author":[{"embeddable":true,"href":"https:\/\/arsvitrea.pl\/index.php\/wp-json\/wp\/v2\/users\/1"}],"replies":[{"embeddable":true,"href":"https:\/\/arsvitrea.pl\/index.php\/wp-json\/wp\/v2\/comments?post=3800"}],"version-history":[{"count":0,"href":"https:\/\/arsvitrea.pl\/index.php\/wp-json\/wp\/v2\/posts\/3800\/revisions"}],"wp:featuredmedia":[{"embeddable":true,"href":"https:\/\/arsvitrea.pl\/index.php\/wp-json\/wp\/v2\/media\/3802"}],"wp:attachment":[{"href":"https:\/\/arsvitrea.pl\/index.php\/wp-json\/wp\/v2\/media?parent=3800"}],"wp:term":[{"taxonomy":"category","embeddable":true,"href":"https:\/\/arsvitrea.pl\/index.php\/wp-json\/wp\/v2\/categories?post=3800"},{"taxonomy":"post_tag","embeddable":true,"href":"https:\/\/arsvitrea.pl\/index.php\/wp-json\/wp\/v2\/tags?post=3800"}],"curies":[{"name":"wp","href":"https:\/\/api.w.org\/{rel}","templated":true}]}}