{"id":3538,"date":"2022-05-10T21:32:24","date_gmt":"2022-05-10T20:32:24","guid":{"rendered":"https:\/\/www.stowarzyszenie-witrazy.pl\/?p=3538"},"modified":"2022-05-10T21:32:24","modified_gmt":"2022-05-10T20:32:24","slug":"zawiadomienie-o-walnym-zebraniu-stowarzyszenia-milosnikow-witrazy","status":"publish","type":"post","link":"https:\/\/arsvitrea.pl\/index.php\/2022\/05\/10\/zawiadomienie-o-walnym-zebraniu-stowarzyszenia-milosnikow-witrazy\/","title":{"rendered":"Zawiadomienie o Walnym Zebraniu Stowarzyszenia Mi\u0142o\u015bnik\u00f3w Witra\u017cy"},"content":{"rendered":"<p>Szanowni Cz\u0142onkowie i Przyjaciele Stowarzyszenia Mi\u0142o\u015bnik\u00f3w Witra\u017cy,<\/p>\n<p><strong>27 maja 2022 r. o godz. 17:30<\/strong> (bezpo\u015brednio po zako\u0144czeniu pierwszego dnia konferencji)<strong> odb\u0119dzie si\u0119 w Walne Zebranie Stowarzyszenia Mi\u0142o\u015bnik\u00f3w Witra\u017cy w Lidzbarku Warmi\u0144skim w Muzeum Warmi\u0144skim w sali Wielki Refektarz<\/strong><\/p>\n<p>Je\u017celi w pierwszym terminie nie b\u0119dzie wymaganej minimalnej liczby cz\u0142onk\u00f3w Walnego Zebrania, to drugim terminem jest 27 maja 2022 r. o godz. 18:00.<\/p>\n<p>Walne Zebranie b\u0119dzie mia\u0142o nast\u0119puj\u0105cy program:<\/p>\n<ol>\n<li>Powitanie przez prezesa zarz\u0105du i przedstawienie celu walnego zebrania.<\/li>\n<li>Wyb\u00f3r przewodnicz\u0105cego i sekretarza.<\/li>\n<li>Ustalenie porz\u0105dku walnego zebrania, przypomnienie sposobu g\u0142osowania.<\/li>\n<li>Podj\u0119cie uchwa\u0142y o prawid\u0142owo\u015bci przygotowania sprawozda\u0144 rocznych za lata 2020 i 2021.<\/li>\n<li>Wyb\u00f3r zarz\u0105du i komisji rewizyjnej stowarzyszenia.<\/li>\n<li>Wolne wnioski, dyskusja nad sprawami zg\u0142oszonymi przez uczestnik\u00f3w walnego zebrania.<\/li>\n<li>Zamkni\u0119cie walnego zebrania.<\/li>\n<li>Sporz\u0105dzenie protoko\u0142u i uchwa\u0142 z walnego zebrania, podpisanie dokument\u00f3w przez osoby upowa\u017cnione.<\/li>\n<\/ol>\n<p>Pozdrawiam serdecznie<\/p>\n<p>Andrzej Bochacz<\/p>\n<p>Stowarzyszenie Mi\u0142o\u015bnik\u00f3w Witra\u017cy\u00a0 <strong>Ars Vitrea Polona<\/strong><\/p>\n<p>Adres siedziby:\u00a0 ul. J. Lea 27\/29. 30-052 Krak\u00f3w<\/p>\n","protected":false},"excerpt":{"rendered":"<p>Szanowni Cz\u0142onkowie i Przyjaciele Stowarzyszenia Mi\u0142o\u015bnik\u00f3w Witra\u017cy, 27 maja 2022 r. o godz. 17:30 (bezpo\u015brednio po zako\u0144czeniu pierwszego dnia konferencji) odb\u0119dzie si\u0119 w Walne Zebranie Stowarzyszenia Mi\u0142o\u015bnik\u00f3w Witra\u017cy w Lidzbarku Warmi\u0144skim w Muzeum Warmi\u0144skim w sali Wielki Refektarz Je\u017celi w pierwszym terminie nie b\u0119dzie wymaganej minimalnej liczby cz\u0142onk\u00f3w Walnego Zebrania, to drugim terminem jest 27 [&hellip;]<\/p>\n","protected":false},"author":1,"featured_media":3544,"comment_status":"closed","ping_status":"closed","sticky":false,"template":"","format":"standard","meta":{"footnotes":""},"categories":[9],"tags":[],"class_list":["post-3538","post","type-post","status-publish","format-standard","has-post-thumbnail","hentry","category-ogloszenia"],"_links":{"self":[{"href":"https:\/\/arsvitrea.pl\/index.php\/wp-json\/wp\/v2\/posts\/3538","targetHints":{"allow":["GET"]}}],"collection":[{"href":"https:\/\/arsvitrea.pl\/index.php\/wp-json\/wp\/v2\/posts"}],"about":[{"href":"https:\/\/arsvitrea.pl\/index.php\/wp-json\/wp\/v2\/types\/post"}],"author":[{"embeddable":true,"href":"https:\/\/arsvitrea.pl\/index.php\/wp-json\/wp\/v2\/users\/1"}],"replies":[{"embeddable":true,"href":"https:\/\/arsvitrea.pl\/index.php\/wp-json\/wp\/v2\/comments?post=3538"}],"version-history":[{"count":0,"href":"https:\/\/arsvitrea.pl\/index.php\/wp-json\/wp\/v2\/posts\/3538\/revisions"}],"wp:featuredmedia":[{"embeddable":true,"href":"https:\/\/arsvitrea.pl\/index.php\/wp-json\/wp\/v2\/media\/3544"}],"wp:attachment":[{"href":"https:\/\/arsvitrea.pl\/index.php\/wp-json\/wp\/v2\/media?parent=3538"}],"wp:term":[{"taxonomy":"category","embeddable":true,"href":"https:\/\/arsvitrea.pl\/index.php\/wp-json\/wp\/v2\/categories?post=3538"},{"taxonomy":"post_tag","embeddable":true,"href":"https:\/\/arsvitrea.pl\/index.php\/wp-json\/wp\/v2\/tags?post=3538"}],"curies":[{"name":"wp","href":"https:\/\/api.w.org\/{rel}","templated":true}]}}