{"id":2518,"date":"2022-04-06T13:57:10","date_gmt":"2022-04-06T12:57:10","guid":{"rendered":"https:\/\/www.stowarzyszenie-witrazy.pl\/?p=2518"},"modified":"2024-04-17T18:27:51","modified_gmt":"2024-04-17T18:27:51","slug":"xi-konferencja-plan-wycieczki-2022-05-28","status":"publish","type":"post","link":"https:\/\/arsvitrea.pl\/index.php\/2022\/04\/06\/xi-konferencja-plan-wycieczki-2022-05-28\/","title":{"rendered":"XI konferencja &#8211; plan wycieczki 2022.05.28"},"content":{"rendered":"<p><strong>08:30<\/strong> \u2013 Wyjazd z placu <strong>Urz\u0105d Gminy Lidzbark Warmi\u0144ski<\/strong> (ul. Ignacego Krasickiego 1)<\/p>\n<p><strong>09:00<\/strong> \u2013 <strong>Kraszewo<\/strong> &#8211; Ko\u015bci\u00f3\u0142 pw. \u015bw. El\u017cbiety W\u0119gierskiej<\/p>\n<p>09:30 \u2013 odjazd<\/p>\n<p><strong>9:45<\/strong> \u2013 <strong>Kochan\u00f3wka<\/strong> &#8211; Ko\u015bci\u00f3\u0142 pw. \u015bw. Wawrzy\u0144ca<\/p>\n<p>10:15 \u2013 odjazd<\/p>\n<p><strong>10:45<\/strong> \u2013 <strong>G\u0142otowo<\/strong> &#8211; Ko\u015bci\u00f3\u0142 pw. Naj\u015bwi\u0119tszego Zbawiciela<\/p>\n<p><span style=\"color: #993300;\"><strong>Przerwa kawowa<\/strong><\/span><\/p>\n<p>11:45 \u2013 odjazd<\/p>\n<p><strong>12:15<\/strong> \u2013 <strong>Br\u0105swa\u0142d<\/strong> &#8211; Ko\u015bci\u00f3\u0142 pw. \u015bw. Katarzyny Aleksandryjskiej<\/p>\n<p>12:45 \u2013 odjazd<\/p>\n<p><strong>13:00<\/strong> \u2013 <strong>Dywity<\/strong> &#8211; Ko\u015bci\u00f3\u0142 pw. \u015bw. Szymona i Judy Tadeusza Aposto\u0142\u00f3w<\/p>\n<p>13:30 \u2013 odjazd<\/p>\n<p><strong>14:15<\/strong> \u2013 <strong>Blanki<\/strong> &#8211; Ko\u015bci\u00f3\u0142 pw. \u015bw. Micha\u0142a Archanio\u0142a<\/p>\n<p><span style=\"color: #993300;\"><strong>Przerwa obiadowa<\/strong><\/span><\/p>\n<p>15:45 \u2013 odjazd<\/p>\n<p><strong>16:00<\/strong> \u2013 <strong>Jarandowo<\/strong> &#8211; Ko\u015bci\u00f3\u0142 pw. Narodzenia Naj\u015bwi\u0119tszej Maryi\u00a0Panny<\/p>\n<p>16:30 \u2013 odjazd<\/p>\n<p>17:00 \u2013 Powr\u00f3t na plac Urz\u0119du Gminy Lidzbark Warmi\u0144ski<\/p>\n<p><strong>17:00<\/strong> \u2013 17:30 <strong>Lidzbark Warmi\u0144ski<\/strong> \u2013 Ko\u015bci\u00f3\u0142 \u015awi\u0119tych Aposto\u0142\u00f3w Piotra i Paw\u0142a<\/p>\n<p><img fetchpriority=\"high\" decoding=\"async\" class=\"alignnone size-full wp-image-2519\" src=\"http:\/\/arsvitrea.pl\/wp-content\/uploads\/2022\/04\/traza-wycieczki-20220528.jpg\" alt=\"\" width=\"632\" height=\"596\" srcset=\"https:\/\/arsvitrea.pl\/wp-content\/uploads\/2022\/04\/traza-wycieczki-20220528.jpg 632w, https:\/\/arsvitrea.pl\/wp-content\/uploads\/2022\/04\/traza-wycieczki-20220528-300x283.jpg 300w\" sizes=\"(max-width: 632px) 100vw, 632px\" \/><\/p>\n","protected":false},"excerpt":{"rendered":"<p>08:30 \u2013 Wyjazd z placu Urz\u0105d Gminy Lidzbark Warmi\u0144ski (ul. Ignacego Krasickiego 1) 09:00 \u2013 Kraszewo &#8211; Ko\u015bci\u00f3\u0142 pw. \u015bw. El\u017cbiety W\u0119gierskiej 09:30 \u2013 odjazd 9:45 \u2013 Kochan\u00f3wka &#8211; Ko\u015bci\u00f3\u0142 pw. \u015bw. Wawrzy\u0144ca 10:15 \u2013 odjazd 10:45 \u2013 G\u0142otowo &#8211; Ko\u015bci\u00f3\u0142 pw. Naj\u015bwi\u0119tszego Zbawiciela Przerwa kawowa 11:45 \u2013 odjazd 12:15 \u2013 Br\u0105swa\u0142d &#8211; Ko\u015bci\u00f3\u0142 pw. [&hellip;]<\/p>\n","protected":false},"author":1,"featured_media":2520,"comment_status":"closed","ping_status":"closed","sticky":false,"template":"","format":"standard","meta":{"footnotes":""},"categories":[7],"tags":[78],"class_list":["post-2518","post","type-post","status-publish","format-standard","has-post-thumbnail","hentry","category-konferencje","tag-wycieczka-witrazowa"],"_links":{"self":[{"href":"https:\/\/arsvitrea.pl\/index.php\/wp-json\/wp\/v2\/posts\/2518","targetHints":{"allow":["GET"]}}],"collection":[{"href":"https:\/\/arsvitrea.pl\/index.php\/wp-json\/wp\/v2\/posts"}],"about":[{"href":"https:\/\/arsvitrea.pl\/index.php\/wp-json\/wp\/v2\/types\/post"}],"author":[{"embeddable":true,"href":"https:\/\/arsvitrea.pl\/index.php\/wp-json\/wp\/v2\/users\/1"}],"replies":[{"embeddable":true,"href":"https:\/\/arsvitrea.pl\/index.php\/wp-json\/wp\/v2\/comments?post=2518"}],"version-history":[{"count":1,"href":"https:\/\/arsvitrea.pl\/index.php\/wp-json\/wp\/v2\/posts\/2518\/revisions"}],"predecessor-version":[{"id":4147,"href":"https:\/\/arsvitrea.pl\/index.php\/wp-json\/wp\/v2\/posts\/2518\/revisions\/4147"}],"wp:featuredmedia":[{"embeddable":true,"href":"https:\/\/arsvitrea.pl\/index.php\/wp-json\/wp\/v2\/media\/2520"}],"wp:attachment":[{"href":"https:\/\/arsvitrea.pl\/index.php\/wp-json\/wp\/v2\/media?parent=2518"}],"wp:term":[{"taxonomy":"category","embeddable":true,"href":"https:\/\/arsvitrea.pl\/index.php\/wp-json\/wp\/v2\/categories?post=2518"},{"taxonomy":"post_tag","embeddable":true,"href":"https:\/\/arsvitrea.pl\/index.php\/wp-json\/wp\/v2\/tags?post=2518"}],"curies":[{"name":"wp","href":"https:\/\/api.w.org\/{rel}","templated":true}]}}