{"id":1573,"date":"2020-06-14T15:36:09","date_gmt":"2020-06-14T14:36:09","guid":{"rendered":"http:\/\/www.stowarzyszenie-witrazy.pl\/?p=1573"},"modified":"2020-06-14T15:36:09","modified_gmt":"2020-06-14T14:36:09","slug":"zmiana-terminu-xi-konferencji-naukowej-avp","status":"publish","type":"post","link":"https:\/\/arsvitrea.pl\/index.php\/2020\/06\/14\/zmiana-terminu-xi-konferencji-naukowej-avp\/","title":{"rendered":"Zmiana terminu XI konferencji naukowej AVP"},"content":{"rendered":"<p style=\"text-align: right;\"><strong>Legionowo, dn.\u00a014 czerwca\u00a02020 r.\u00a0<\/strong><\/p>\n<h3 style=\"text-align: center;\">Uchwa\u0142a nr\u00a02\/2020 Walnego Zebrania Cz\u0142onk\u00f3w<\/h3>\n<h3 style=\"text-align: center;\">Stowarzyszenia Mi\u0142o\u015bnik\u00f3w Witra\u017cy z dnia 14 czerwca 2020<\/h3>\n<h3 style=\"text-align: center;\">o\u00a0zmianie terminu XI konferencji naukowej<\/h3>\n<h3 style=\"text-align: center;\"><\/h3>\n<p>Walne Zebranie\u00a010\u00a0g\u0142osami\u00a0za,\u00a0\u00a00\u00a0g\u0142osami\u00a0sprzeciwu\u00a0i\u00a00\u00a0g\u0142osami\u00a0wstrzymuj\u0105cych si\u0119, zdecydowa\u0142o o\u00a0przesuni\u0119ciu planowanego na X 2020 terminu konferencji naukowej w Lidzbarku Warmi\u0144skim <strong>na X 2021 roku.\u00a0<\/strong><\/p>\n<p>&nbsp;<\/p>\n<p><strong>Sekretarz (protokolant) Zebrania\u00a0\u00a0\u00a0\u00a0\u00a0\u00a0 Przewodnicz\u0105ca\/-y Zebrania\u00a0<\/strong><\/p>\n<p><strong>Magda \u0141awicka.\u00a0 \u00a0 \u00a0 \u00a0 \u00a0 \u00a0 \u00a0 \u00a0 \u00a0 \u00a0 \u00a0 \u00a0 \u00a0 \u00a0 \u00a0 \u00a0 \u00a0Andrzej\u00a0Bochacz\u00a0<\/strong><\/p>\n<p><span style=\"color: #ff0000;\"><strong>Dokument podpisany profilami zaufanymi\u00a0<\/strong><\/span><\/p>\n","protected":false},"excerpt":{"rendered":"<p>Legionowo, dn.\u00a014 czerwca\u00a02020 r.\u00a0 Uchwa\u0142a nr\u00a02\/2020 Walnego Zebrania Cz\u0142onk\u00f3w Stowarzyszenia Mi\u0142o\u015bnik\u00f3w Witra\u017cy z dnia 14 czerwca 2020 o\u00a0zmianie terminu XI konferencji naukowej Walne Zebranie\u00a010\u00a0g\u0142osami\u00a0za,\u00a0\u00a00\u00a0g\u0142osami\u00a0sprzeciwu\u00a0i\u00a00\u00a0g\u0142osami\u00a0wstrzymuj\u0105cych si\u0119, zdecydowa\u0142o o\u00a0przesuni\u0119ciu planowanego na X 2020 terminu konferencji naukowej w Lidzbarku Warmi\u0144skim na X 2021 roku.\u00a0 &nbsp; Sekretarz (protokolant) Zebrania\u00a0\u00a0\u00a0\u00a0\u00a0\u00a0 Przewodnicz\u0105ca\/-y Zebrania\u00a0 Magda \u0141awicka.\u00a0 \u00a0 \u00a0 \u00a0 \u00a0 \u00a0 \u00a0 [&hellip;]<\/p>\n","protected":false},"author":1,"featured_media":1524,"comment_status":"closed","ping_status":"closed","sticky":false,"template":"","format":"standard","meta":{"footnotes":""},"categories":[3],"tags":[],"class_list":["post-1573","post","type-post","status-publish","format-standard","has-post-thumbnail","hentry","category-bez-kategorii"],"_links":{"self":[{"href":"https:\/\/arsvitrea.pl\/index.php\/wp-json\/wp\/v2\/posts\/1573","targetHints":{"allow":["GET"]}}],"collection":[{"href":"https:\/\/arsvitrea.pl\/index.php\/wp-json\/wp\/v2\/posts"}],"about":[{"href":"https:\/\/arsvitrea.pl\/index.php\/wp-json\/wp\/v2\/types\/post"}],"author":[{"embeddable":true,"href":"https:\/\/arsvitrea.pl\/index.php\/wp-json\/wp\/v2\/users\/1"}],"replies":[{"embeddable":true,"href":"https:\/\/arsvitrea.pl\/index.php\/wp-json\/wp\/v2\/comments?post=1573"}],"version-history":[{"count":0,"href":"https:\/\/arsvitrea.pl\/index.php\/wp-json\/wp\/v2\/posts\/1573\/revisions"}],"wp:featuredmedia":[{"embeddable":true,"href":"https:\/\/arsvitrea.pl\/index.php\/wp-json\/wp\/v2\/media\/1524"}],"wp:attachment":[{"href":"https:\/\/arsvitrea.pl\/index.php\/wp-json\/wp\/v2\/media?parent=1573"}],"wp:term":[{"taxonomy":"category","embeddable":true,"href":"https:\/\/arsvitrea.pl\/index.php\/wp-json\/wp\/v2\/categories?post=1573"},{"taxonomy":"post_tag","embeddable":true,"href":"https:\/\/arsvitrea.pl\/index.php\/wp-json\/wp\/v2\/tags?post=1573"}],"curies":[{"name":"wp","href":"https:\/\/api.w.org\/{rel}","templated":true}]}}