{"id":1445,"date":"2018-05-20T21:14:57","date_gmt":"2018-05-20T20:14:57","guid":{"rendered":"http:\/\/www.stowarzyszenie-witrazy.pl\/?p=1445"},"modified":"2018-05-20T21:14:57","modified_gmt":"2018-05-20T20:14:57","slug":"program-x-konferencji-naukowej-ars-vitrea-polona-legionowo-2018-r","status":"publish","type":"post","link":"https:\/\/arsvitrea.pl\/index.php\/2018\/05\/20\/program-x-konferencji-naukowej-ars-vitrea-polona-legionowo-2018-r\/","title":{"rendered":"Program X Konferencji Naukowej Ars Vitrea Polona &#8211; Legionowo 2018 r."},"content":{"rendered":"<p><img decoding=\"async\" class=\"alignleft wp-image-6108\" src=\"http:\/\/barwyszkla.pl\/wp-content\/uploads\/2018\/05\/grafika-konferencja.png\" alt=\"\" width=\"90\" height=\"413\" \/><span style=\"color: #993300;\"><strong>STOWARZYSZENIE MI\u0141O\u015aNIK\u00d3W WITRA\u017bY ARS VITREA POLONA<\/strong><\/span><\/p>\n<p><span style=\"color: #993300;\"><strong>URZ\u0104D MIASTA LEGIONOWO<\/strong><\/span><\/p>\n<p><span style=\"color: #993300;\"><strong>STAROSTWO POWIATOWE LEGIONOWO<\/strong><\/span><\/p>\n<p><span style=\"color: #993300;\"><strong>MIEJSKA BIBLIOTEKA PUBLICZNA W LEGIONOWIE<\/strong><\/span><\/p>\n<p><span style=\"color: #993300;\"><strong>KurierGalicyjski.com<\/strong><\/span><\/p>\n<p><span style=\"color: #993300;\"><strong>BarwySzkla.pl<\/strong><\/span><\/p>\n<p>&nbsp;<\/p>\n<p><span style=\"color: #0000ff;\"><strong>X KONFERENCJA NAUKOWA ZORGANIZOWANA Z OKAZJI 20-LECIA STOWARZYSZENIA MI\u0141O\u015aNIK\u00d3W WITRA\u017bY<\/strong><\/span><\/p>\n<p style=\"padding-left: 60px;\"><span style=\"color: #0000ff;\"><strong>&#8211; WITRA\u017bE &#8211; SZTUKA WCI\u0104\u017b ODKRYWANA<\/strong><\/span><\/p>\n<p><span style=\"color: #0000ff;\"><strong>LEGIONOWO 25-27 MAJA 2018<\/strong><\/span><\/p>\n<p>&nbsp;<\/p>\n<h3>PATRONAT HONOROWY: PREZYDENT LEGIONOWA &#8211; ROMAN SMOGORZEWSKI<\/h3>\n<h3>WYDARZENIE ZOSTA\u0141O OBJ\u0118TE PATRONATEM EUROPEJSKIEGO ROKU DZIEDZICTWA KULTUROWEGO 2018<\/h3>\n<p><strong>MIEJSCE KONFERENCJI: MIEJSKA BIBLIOTEKA PUBLICZNA W LEGIONOWIE<\/strong><\/p>\n<p><strong>UL. TADEUSZA KO\u015aCIUSZKI 8A<\/strong><\/p>\n<h2>PROGRAM KONFERENCJI<\/h2>\n<p><span style=\"color: #ff0000;\"><strong>25 MAJA, PI\u0104TEK<\/strong><\/span><\/p>\n<p><strong>9.00 \u2013 9.30 OTWARCIE KONFERENCJI<\/strong><\/p>\n<p>Wyst\u0105pienie Prezydenta Legionowa \u2013 Romana Smogorzewskiego<\/p>\n<p><strong>9.30 \u2013 9.50 PROF. DR HAB. ARCH. KRYSTYNA PAW\u0141OWSKA<\/strong><\/p>\n<p>Krak\u00f3w, Politechnika Krakowska, AVP<\/p>\n<p>Stowarzyszenie Mi\u0142o\u015bnik\u00f3w Witra\u017cy \u2013 dwadzie\u015bcia lat dzia\u0142alno\u015bci<\/p>\n<p><strong>9.50 \u2013 10.10 DR ANDRZEJ DOMARZEWSKI<\/strong><\/p>\n<p>Krak\u00f3w, Politechnika Krakowska<\/p>\n<p>Niekt\u00f3re aspekty oddzia\u0142ywania sztuki witra\u017cowej w wybranych wsp\u00f3\u0142czesnych i zabytkowych wn\u0119trzach sakralnych<\/p>\n<p><strong>10.10 \u2013 10.30 DR HAB. IN\u017b. ARCH. ANDRZEJ BIA\u0141KIEWICZ<\/strong><\/p>\n<p>Krak\u00f3w, Politechnika Krakowska, AVP<\/p>\n<p>Witra\u017c okazjonalny<\/p>\n<p><strong>10.30 \u2013 10.40 DANUTA CZAPCZY\u0143SKA-KLESZCZY\u0143SKA<\/strong><\/p>\n<p>Krak\u00f3w, AVP, CVP<\/p>\n<p>Witra\u017ce w ko\u015bciele \u015bw. Micha\u0142a Archanio\u0142a w Lublinie. Przyczynek do dziej\u00f3w warszawskiej pracowni Franciszka Bia\u0142kowskiego<\/p>\n<p><strong>10.40 \u2013 11.10 PRZERWA KAWOWA<\/strong><\/p>\n<p><strong>11.10 \u2013 11.30 DR ANDRZEJ LASKOWSKI<\/strong><\/p>\n<p>Krak\u00f3w, Uniwersytet Ekonomiczny<\/p>\n<p>Odkrywanie &#8222;ukrytego&#8221;. O najstarszych witra\u017cach gorlickiej fary<\/p>\n<p><strong>11.30 \u2013 11.40 ANNA ZE\u0143CZAK<\/strong><\/p>\n<p>Krak\u00f3w, AVP<\/p>\n<p>Sprawa witra\u017cy do Mauzoleum w Muzeum Wojska w Warszawie (1933\u20131938)<\/p>\n<p><strong>11.40 \u2013 12.00 ANNA RAD\u0141OWSKA-TABOR<\/strong><\/p>\n<p>Gliwice, AVP<\/p>\n<p>Le\u015bni \u015bwi\u0119ci<\/p>\n<p><strong>12.00 \u2013 12.10 JOANNA WOJCIECHOWSKA-KUCI\u0118BA<\/strong><\/p>\n<p>Lublin, AVP<\/p>\n<p>Ma\u0142o znane przedstawienia witra\u017cowe w ko\u015bciele \u015bw. Stanis\u0142awa Biskupa i M\u0119czennika w Serokomli<\/p>\n<p><strong>12.10 \u2013 12.30 JURIJ SMIRNOW<\/strong><\/p>\n<p>Lw\u00f3w, AVP<\/p>\n<p>Kwestia katalogu witra\u017cy we Lwowie i na terenie Ukrainy Zachodniej<\/p>\n<p><strong>12.30 \u2013 13.00 DYSKUSJA<\/strong><\/p>\n<p><strong>13.00 \u2013 14.00 PRZERWA OBIADOWA<\/strong><\/p>\n<p><strong>14.00 \u2013 14.10 DR KATARZYNA BRZEZINA-SCHEUERER<\/strong><\/p>\n<p>Krak\u00f3w, Uniwersytet Jagiello\u0144ski<\/p>\n<p>Uczniowie krakowskich pracowni witra\u017cowych uzupe\u0142niaj\u0105cy wiedz\u0119 w zawodowej szkole dokszta\u0142caj\u0105cej w dwudziestoleciu mi\u0119dzywojennym<\/p>\n<p><strong>14.10 \u2013 14.20 DR MA\u0141GORZATA REINHARD-CHLANDA<\/strong><\/p>\n<p>Krak\u00f3w, Uniwersytet Papieski Jana Paw\u0142a II, AVP<\/p>\n<p>Witra\u017c Galicji i Lodomerii w darze dla Votivkirche w Wiedniu<\/p>\n<p><strong>14.20 \u2013 14.40 IRENA KONTNY<\/strong><\/p>\n<p>Katowice, \u015al\u0105skie Centrum Dziedzictwa Kulturowego, AVP<\/p>\n<p>Nieznane dzie\u0142a \u015bl\u0105skich projektant\u00f3w. Przyczynek do poznania witra\u017cy na obszarze wojew\u00f3dztwa \u015bl\u0105skiego w okresie mi\u0119dzywojennym<\/p>\n<p><strong>14.40 \u2013 15.00 DAGMARA W\u00d3JCIK<\/strong><\/p>\n<p>Gliwice<\/p>\n<p>Nieznane realizacje Instytutu Witra\u017cowego Seilera w Gliwicach \u0141ab\u0119dach<\/p>\n<p><strong>15.00 \u2013 15.20 EL\u017bBIETA GAJEWSKA-PROROK<\/strong><\/p>\n<p>Wroc\u0142aw, Muzeum Narodowe, AVP, CVP<\/p>\n<p><strong>ZUZANNA MIKO\u0141AJEK<\/strong><\/p>\n<p>Wroc\u0142aw, Muzeum Narodowe<\/p>\n<p>Nieznane projekty witra\u017cy berli\u0144skiego malarza Ludwiga Burgera w zbiorach wroc\u0142awskich<\/p>\n<p><strong>15.20 \u2013 15.50 PRZERWA KAWOWA<\/strong><\/p>\n<p><strong>15.50 \u2013 16.10 ANNA SIEMIENIEC<\/strong><\/p>\n<p>Uniwersytet Warszawski, AVP<\/p>\n<p>Witra\u017ce Adama Stalony-Dobrza\u0144skiego zrealizowane w Zak\u0142adzie Witra\u017c\u00f3w S.G. \u017bele\u0144ski<\/p>\n<p><strong>16.10 \u2013 16.30 DR JANINA DZIK<\/strong><\/p>\n<p>Krak\u00f3w<\/p>\n<p>Recepcja pism mistycznych Marii Valtorty w tw\u00f3rczo\u015bci witra\u017cowej Jerzego Sk\u0105pskiego<\/p>\n<p><strong>16.30 \u2013 16.50 PROF. DR HAB. IN\u017b. ARCH. MARIA J. \u017bYCHOWSKA<\/strong><\/p>\n<p>Krak\u00f3w, Politechnika Krakowska, AVP<\/p>\n<p>Szk\u0142o architektoniczne<\/p>\n<p><strong>16.50 \u2013 17.00 ADAM KA\u0179MIERCZAK<\/strong><\/p>\n<p>Toru\u0144, Uniwersytet Miko\u0142aja Kopernika<\/p>\n<p>Witra\u017c z przedstawieniami herbowymi z ko\u0144ca XIX w. w zamku w Osiecznej \u2013 problem konserwacji i rekonstrukcji <strong>17.00 \u2013 17.30 DYSKUSJA<\/strong><\/p>\n<p><strong>17.45 Wernisa\u017c wystawy <\/strong><\/p>\n<p>Witra\u017ce \u2013 sztuka wci\u0105\u017c odkrywana<\/p>\n<p><strong>18.30 WALNE ZEBRANIE STOWARZYSZENIA MI\u0141O\u015aNIK\u00d3W WITRA\u017bY<\/strong><\/p>\n<p>&nbsp;<\/p>\n<p><span style=\"color: #ff0000;\"><strong>26 MAJA, SOBOTA<\/strong><\/span><\/p>\n<p>ZWIEDZANIE 8.30 \u2013 17.15<\/p>\n<p><strong>8.30 WYJAZD Z LEGIONOWA (DWORZEC PKP)<\/strong><\/p>\n<p>\u2192 PRUSZK\u00d3W (ko\u015bci\u00f3\u0142 \u015bw. Kazimierza) \u2192 PODKOWA LE\u015aNA (ko\u015bci\u00f3\u0142 \u015bw. Krzysztofa) \u2192 \u017bYRARD\u00d3W (ko\u015bci\u00f3\u0142 Matki Bo\u017cej Pocieszenia) \u2192 WISKITKI (ko\u015bci\u00f3\u0142 Wszystkich \u015awi\u0119tych i \u015bw. Stanis\u0142awa) \u2192 GUZ\u00d3W (ko\u015bci\u00f3\u0142 \u015bw. Feliksa de Valois) \u2192 O\u017car\u00f3w Mazowiecki<\/p>\n<p><strong>14.00 \u2013 14.45 PRZERWA OBIADOWA<\/strong><\/p>\n<p>\u2192O\u017car\u00f3w Mazowiecki (Sanktuarium Mi\u0142osierdzia Bo\u017cego) \u2192 Warszawa (ko\u015bci\u00f3\u0142 prawos\u0142awny \u015bw. Jana Klimaka) \u2192 Warszawa (ko\u015bci\u00f3\u0142 Narodzenia NMP) \u2192<\/p>\n<p><strong>17.15 POWR\u00d3T DO LEGIONOWA (DWORZEC PKP)<\/strong><\/p>\n<p><strong>19.00 SPOTKANIE TOWARZYSKIE<\/strong><\/p>\n<p>&nbsp;<\/p>\n<p><span style=\"color: #ff0000;\"><strong>27 MAJA, NIEDZIELA<\/strong><\/span><\/p>\n<p><strong>9.00 \u2013 9.20 DR DOBROS\u0141AWA HORZELA<\/strong><\/p>\n<p>Krak\u00f3w, Uniwersytet Jagiello\u0144ski, CVP<\/p>\n<p>Z bada\u0144 nad relacjami polsko-austriackimi w malarstwie witra\u017cowym ok. 1400<\/p>\n<p><strong>9.20 \u2013 9.40 DR JOANNA WOLA\u0143SKA<\/strong><\/p>\n<p>Krak\u00f3w<\/p>\n<p>Witra\u017ce w prezbiterium katedry w Cz\u0119stochowie<\/p>\n<p><strong>9.40 \u2013 10.00 EWA KALBARCZYK-K\u0141AK<\/strong><\/p>\n<p>Opole, Narodowy Instytut Dziedzictwa OT w Opolu<\/p>\n<p>Realizacje warsztatu Mayera w wojew\u00f3dztwie opolskim<\/p>\n<p><strong>10.00 \u2013 10.20 DR MARTA SIENKIEWICZ<\/strong><\/p>\n<p>Wroc\u0142aw, Akademia Sztuk Pi\u0119knych<\/p>\n<p>Tajemnice strychu wie\u017cy ko\u015bcielnej w Prze\u0142azach<\/p>\n<p><strong>10.20 &#8211; 10.40 KRYSTYNA RYPNIEWSKA<\/strong><\/p>\n<p>Koszalin, Muzeum w Koszalinie<\/p>\n<p>Witra\u017ce koszali\u0144skiej katedry w \u015bwietle \u017ar\u00f3de\u0142 archiwalnych<\/p>\n<p><strong>10.40 \u2013 10.50 MA\u0141GORZATA BIELA<\/strong><\/p>\n<p>L\u0119bork, AVP<\/p>\n<p>Witra\u017ce s\u0142upskiego ratusza<\/p>\n<p><strong>10.50 \u2013 11.20 PRZERWA KAWOWA<\/strong><\/p>\n<p><strong>11.20 \u2013 11.40 WERONIKA WOJNOWSKA<\/strong><\/p>\n<p>Frombork, Muzeum Miko\u0142aja Kopernika<\/p>\n<p>Witra\u017ce \u2013 niedoceniane dziedzictwo Warmii<\/p>\n<p>i Mazur. Pr\u00f3ba inwentaryzacji<\/p>\n<p><strong>11.40 \u2013 12.00 ANNA PACANOWSKA, MAREK MAKGO\u0141OWACZ<\/strong><\/p>\n<p>Lidzbark Warmi\u0144ski, Pracownia Konserwacji i Rekonstrukcji Witra\u017cy<\/p>\n<p>\u015awi\u0119ta Warmia \u2013 neogotyckie witra\u017ce sakralne<\/p>\n<p><strong>12.00 \u2013 12.20 JOANNA PIOTROWSKA<\/strong><\/p>\n<p>Olsztyn, Narodowy Instytut Dziedzictwa OT w Olsztynie<\/p>\n<p>Wsp\u00f3\u0142czesna forma, niezmienne tre\u015bci. Zesp\u00f3\u0142 witra\u017cy w ko\u015bciele \u015bw. Jakuba Aposto\u0142a<\/p>\n<p>w Olsztynie<\/p>\n<p><strong>12.20 \u2013 12.30 EWA WITKOWICZ-PA\u0141KA<\/strong><\/p>\n<p>Malbork, Muzeum Zamkowe, AVP<\/p>\n<p>Nieznane witra\u017ce i kartony Franza Lauterbacha w Landesmuseum w Hanowerze. Przyczynek do bada\u0144 nad malborskim okresem tw\u00f3rczo\u015bci witra\u017cysty<\/p>\n<p><strong>12.30 \u2013 12.50 JOANNA UTZIG<\/strong><\/p>\n<p>Krak\u00f3w, Uniwersytet Jagiello\u0144ski<\/p>\n<p>&#8222;Korpus witra\u017cy \u015bredniowiecznych w Polsce&#8221; \u2013 sprawozdanie z prac. Odkrycia, nowe<\/p>\n<p>interpretacje, metodologia<\/p>\n<p><strong>12.50 \u2013 13.00 DR TOMASZ SZYBISTY<\/strong><\/p>\n<p>Krak\u00f3w, Uniwersytet Pedagogiczny, AVP, CVP<\/p>\n<p>&#8222;Korpus witra\u017cy z lat 1800\u20131945 w ko\u015bcio\u0142ach rzymskokatolickich metropolii krakowskiej<\/p>\n<p>i przemyskiej&#8221; \u2013 wyniki i perspektywy<\/p>\n<p><strong>13.00 \u2013 13.30 DYSKUSJA ORAZ PODSUMOWANIE KONFERENCJI<\/strong><\/p>\n<p><strong>13.30 PRZERWA OBIADOWA<\/strong><\/p>\n<p><span style=\"color: #0000ff;\"><strong>Konferencji towarzysz\u0105 wystawy:<\/strong><\/span><\/p>\n<p><span style=\"color: #0000ff;\"><strong>WITRA\u017bE \u2013 SZTUKA WCI\u0104\u017b ODKRYWANA<\/strong><\/span><\/p>\n<p><span style=\"color: #0000ff;\"><strong>oraz<\/strong><\/span><\/p>\n<p><span style=\"color: #0000ff;\"><strong>PI\u0118KNO W SZKLE ZACZAROWANE<\/strong><\/span><\/p>\n<p><span style=\"color: #0000ff;\"><strong>Fotografie Anny Rad\u0142owskiej-Tabor<\/strong><\/span><\/p>\n","protected":false},"excerpt":{"rendered":"<p>STOWARZYSZENIE MI\u0141O\u015aNIK\u00d3W WITRA\u017bY ARS VITREA POLONA URZ\u0104D MIASTA LEGIONOWO STAROSTWO POWIATOWE LEGIONOWO MIEJSKA BIBLIOTEKA PUBLICZNA W LEGIONOWIE KurierGalicyjski.com BarwySzkla.pl &nbsp; X KONFERENCJA NAUKOWA ZORGANIZOWANA Z OKAZJI 20-LECIA STOWARZYSZENIA MI\u0141O\u015aNIK\u00d3W WITRA\u017bY &#8211; WITRA\u017bE &#8211; SZTUKA WCI\u0104\u017b ODKRYWANA LEGIONOWO 25-27 MAJA 2018 &nbsp; PATRONAT HONOROWY: PREZYDENT LEGIONOWA &#8211; ROMAN SMOGORZEWSKI WYDARZENIE ZOSTA\u0141O OBJ\u0118TE PATRONATEM EUROPEJSKIEGO ROKU DZIEDZICTWA [&hellip;]<\/p>\n","protected":false},"author":1,"featured_media":1446,"comment_status":"closed","ping_status":"closed","sticky":false,"template":"","format":"standard","meta":{"footnotes":""},"categories":[7,13],"tags":[],"class_list":["post-1445","post","type-post","status-publish","format-standard","has-post-thumbnail","hentry","category-konferencje","category-wycieczki"],"_links":{"self":[{"href":"https:\/\/arsvitrea.pl\/index.php\/wp-json\/wp\/v2\/posts\/1445","targetHints":{"allow":["GET"]}}],"collection":[{"href":"https:\/\/arsvitrea.pl\/index.php\/wp-json\/wp\/v2\/posts"}],"about":[{"href":"https:\/\/arsvitrea.pl\/index.php\/wp-json\/wp\/v2\/types\/post"}],"author":[{"embeddable":true,"href":"https:\/\/arsvitrea.pl\/index.php\/wp-json\/wp\/v2\/users\/1"}],"replies":[{"embeddable":true,"href":"https:\/\/arsvitrea.pl\/index.php\/wp-json\/wp\/v2\/comments?post=1445"}],"version-history":[{"count":0,"href":"https:\/\/arsvitrea.pl\/index.php\/wp-json\/wp\/v2\/posts\/1445\/revisions"}],"wp:featuredmedia":[{"embeddable":true,"href":"https:\/\/arsvitrea.pl\/index.php\/wp-json\/wp\/v2\/media\/1446"}],"wp:attachment":[{"href":"https:\/\/arsvitrea.pl\/index.php\/wp-json\/wp\/v2\/media?parent=1445"}],"wp:term":[{"taxonomy":"category","embeddable":true,"href":"https:\/\/arsvitrea.pl\/index.php\/wp-json\/wp\/v2\/categories?post=1445"},{"taxonomy":"post_tag","embeddable":true,"href":"https:\/\/arsvitrea.pl\/index.php\/wp-json\/wp\/v2\/tags?post=1445"}],"curies":[{"name":"wp","href":"https:\/\/api.w.org\/{rel}","templated":true}]}}