{"id":1433,"date":"2018-02-03T22:03:45","date_gmt":"2018-02-03T21:03:45","guid":{"rendered":"http:\/\/www.stowarzyszenie-witrazy.pl\/?p=1433"},"modified":"2018-02-03T22:03:45","modified_gmt":"2018-02-03T21:03:45","slug":"ksiazka-witraze-dziedzictwo-cenne-niechciane","status":"publish","type":"post","link":"https:\/\/arsvitrea.pl\/index.php\/2018\/02\/03\/ksiazka-witraze-dziedzictwo-cenne-niechciane\/","title":{"rendered":"Ksi\u0105\u017cka &#8211; Witra\u017ce &#8211; dziedzictwo cenne czy niechciane?"},"content":{"rendered":"<div id='gallery-1' class='gallery galleryid-1433 gallery-columns-2 gallery-size-medium'><figure class='gallery-item'>\n\t\t\t<div class='gallery-icon portrait'>\n\t\t\t\t<img fetchpriority=\"high\" decoding=\"async\" width=\"203\" height=\"300\" src=\"https:\/\/arsvitrea.pl\/wp-content\/uploads\/2018\/02\/publikacja-9-konferencja-1-203x300.jpeg\" class=\"attachment-medium size-medium\" alt=\"\" srcset=\"https:\/\/arsvitrea.pl\/wp-content\/uploads\/2018\/02\/publikacja-9-konferencja-1-203x300.jpeg 203w, https:\/\/arsvitrea.pl\/wp-content\/uploads\/2018\/02\/publikacja-9-konferencja-1.jpeg 676w\" sizes=\"(max-width: 203px) 100vw, 203px\" \/>\n\t\t\t<\/div><\/figure><figure class='gallery-item'>\n\t\t\t<div class='gallery-icon portrait'>\n\t\t\t\t<img decoding=\"async\" width=\"207\" height=\"300\" src=\"https:\/\/arsvitrea.pl\/wp-content\/uploads\/2018\/02\/publikacja-9-konferencja-2-207x300.jpeg\" class=\"attachment-medium size-medium\" alt=\"\" srcset=\"https:\/\/arsvitrea.pl\/wp-content\/uploads\/2018\/02\/publikacja-9-konferencja-2-207x300.jpeg 207w, https:\/\/arsvitrea.pl\/wp-content\/uploads\/2018\/02\/publikacja-9-konferencja-2.jpeg 691w\" sizes=\"(max-width: 207px) 100vw, 207px\" \/>\n\t\t\t<\/div><\/figure>\n\t\t<\/div>\n\n<p>Zbi\u00f3r referat\u00f3w wyg\u0142oszonych podczas konferencji &#8222;Witra\u017ce &#8211; dziedzictwo cenne czy niechciane?&#8221;, kt\u00f3ra odby\u0142a si\u0119 w Lublinie w dniach 9 &#8211; 11 pa\u017adziernika 2015 roku<\/p>\n<p>Konferencja zosta\u0142a zorganizowana przez: Stowarzyszenie Mi\u0142o\u015bnik\u00f3w Witra\u017cy &#8222;ARS VITREA POLONA&#8221; oraz Instytut Historii Katolickiej Uniwersytetu Lubelskiego Jana Paw\u0142a II.<\/p>\n<p>Ksi\u0105\u017cka jest dost\u0119pna w Krakowie w Ksi\u0119garni Akademickiej, kt\u00f3ra prowadzi tak\u017ce sprzeda\u017c wysy\u0142kow\u0105.<\/p>\n<p>Ksi\u0105\u017ck\u0119 mo\u017cna kupi\u0107 tak\u017ce bezpo\u015brednio w AVP ( dkleszcz@onet.pl ) oraz w czasie konferencji w Legionowie.<\/p>\n<p><strong>Spis tre\u015bci:<\/strong><\/p>\n<ul>\n<li>\u201eKruche dziedzictwo\u201d &#8211; witra\u017ce z XV-XVIII w. na Pomorzu Zachodnim. Problemy badawcze i konserwatorskie &#8211; <em>Janina Kochanowska, Ryszard Sienkiewicz<\/em><\/li>\n<li>Dziedzictwo docenione &#8211; witra\u017ce w wojew\u00f3dztwie lubelskim wpisane do rejestru zabytk\u00f3w ruchomych &#8211; <em>Katarzyna Tur-Marciszuk<\/em><\/li>\n<li>Dziedzictwo witra\u017cowe Sosnowca (na wybranych przyk\u0142adach) &#8211;\u00a0<em>Ewa Chmielewska<\/em><\/li>\n<li>Konserwacja witra\u017cy i nowe realizacje w obiektach zabytkowych na obszarze dzia\u0142alno\u015bci rzeszowskiej delegatury Wojew\u00f3dzkiego l (rz\u0119du Ochrony Zabytk\u00f3w. Nie tylko sukcesy &#8211; <em>Marta Nikiel<\/em><\/li>\n<li>Translokacje witra\u017cy, ich przyczyny i konsekwencje na przyk\u0142adzie witra\u017cy sakralnych diecezji tarnowskiej &#8211; <em>Andrzej Laskowski<\/em><\/li>\n<li>Witra\u017ce sakralne &#8211; dziedzictwem cennym, oboj\u0119tnym \u00bb\/y niechcianym? (Na podstawie wybranych przyk\u0142ad\u00f3w) &#8211;\u00a0<em>Andrzej Domarzewski <\/em><\/li>\n<li>O dawnych i nowych metodach konserwacji witra\u017cy z kolekcji Muzeum Narodowego we Wroc\u0142awiu &#8211; <em>El\u017cbieta Gajewska-Prorok<\/em><\/li>\n<li>Om\u00f3wienie wzorcowych konserwacji w \u015awidnicy &#8211; Ko\u015bci\u00f3\u0142 Pokoju, W\u0142oc\u0142awku &#8211; katedra pw. Wniebowzi\u0119cia Naj\u015bwi\u0119tszej Marli Panny, Jaworze &#8211; Ko\u015bci\u00f3\u0142 Pokoju, Wa\u0142brzychu &#8211; ko\u015bci\u00f3\u0142 pw. Anio\u0142\u00f3w Str\u00f3\u017c\u00f3w i \u015acinawce Dolnej &#8211; ko\u015bci\u00f3\u0142 pw. \u015aw. Jakuba Aposto\u0142a &#8211; <em>Natalia Oleszczuk, S\u0142awomir Oleszczuk<\/em><\/li>\n<li>Oszklenie zewn\u0119trzne witra\u017cy &#8211; teoria i praktyka &#8211; <em>Pawe\u0142 Karaszkiewicz<\/em><\/li>\n<li>Problem rekonstrukcji witra\u017cy w kaplicy grobowej Karola Scheiblera w \u0141odzi &#8211; <em>Krzysztof Stefa\u0144ski \u00a0<\/em><\/li>\n<li>Witra\u017c w obiekcie zabytkowym. Kryteria doboru pracowni witra\u017cowej &#8211; <em>Zbigniew Brzezi\u0144ski<\/em><\/li>\n<li>Recepcja witra\u017cu w ko\u015bcio\u0142ach Franciszkan\u00f3w-Reformat\u00f3w.\u00a0Konfrontacja tradycji i nowoczesno\u015bci &#8211; <em>Janina Dzik<\/em><\/li>\n<li>Agatowe okna Sigmara Polk\u0119 w wielkiej kolegiacie\u00a0w Zurychu &#8211; <em>Ryszard Knapi\u0144ski<\/em><\/li>\n<li>O witra\u017cu w Mauzoleum Adama \u017beromskiego w Na\u0142\u0119czowie\u00a0&#8211; <em>Piotr Rosi\u0144ski<\/em><\/li>\n<li>Szk\u0142o barwne w XVIII i XIX-wiecznych cerkwiach dawnej\u00a0Eparchii Che\u0142mskiej oraz witra\u017c \u201eZmartwychwstanie\u201d\u00a0w cerkwi \u015bw. Onufrego w Jab\u0142ecznej &#8211; <em>Tadeusz Karabowicz<\/em><\/li>\n<li>Witra\u017ce cerkiewne w Polsce (streszczenie wyst\u0105pienia)\u00a0&#8211; <em>Micha\u0142 Bogucki<\/em><\/li>\n<li>Adam Stalony-Dobrza\u0144ski &#8211; wielki nieobecny &#8211; <em>Anna Siemieniec<\/em><\/li>\n<li>Ekspozycja monumentalnych dzie\u0142 witra\u017cowych w przestrzeni muzealnej na przyk\u0142adzie wystawy\u00a0witra\u017cy Adama Stalony-Dobrza\u0144skiego &#8211; <em>Jan Pawlicki<\/em><\/li>\n<li>Nowoczesne formy ekspozycji witra\u017cy &#8211; <em>Andrzej Bochacz<\/em><\/li>\n<li>Mozaiki jako elementy to\u017csamo\u015bci miejsc. Zapoznane dziedzictwo krakowskiej mozaiki z pocz\u0105tku XX wieku\u00a0&#8211; <em>Ma\u0142gorzata Reinhard-Chlanda<\/em><\/li>\n<\/ul>\n<p>&nbsp;<\/p>\n","protected":false},"excerpt":{"rendered":"<p>Zbi\u00f3r referat\u00f3w wyg\u0142oszonych podczas konferencji &#8222;Witra\u017ce &#8211; dziedzictwo cenne czy niechciane?&#8221;, kt\u00f3ra odby\u0142a si\u0119 w Lublinie w dniach 9 &#8211; 11 pa\u017adziernika 2015 roku Konferencja zosta\u0142a zorganizowana przez: Stowarzyszenie Mi\u0142o\u015bnik\u00f3w Witra\u017cy &#8222;ARS VITREA POLONA&#8221; oraz Instytut Historii Katolickiej Uniwersytetu Lubelskiego Jana Paw\u0142a II. Ksi\u0105\u017cka jest dost\u0119pna w Krakowie w Ksi\u0119garni Akademickiej, kt\u00f3ra prowadzi tak\u017ce sprzeda\u017c [&hellip;]<\/p>\n","protected":false},"author":1,"featured_media":1434,"comment_status":"closed","ping_status":"closed","sticky":false,"template":"","format":"standard","meta":{"footnotes":""},"categories":[7,12],"tags":[39,58],"class_list":["post-1433","post","type-post","status-publish","format-standard","has-post-thumbnail","hentry","category-konferencje","category-publikacje","tag-ksiazka-avp","tag-publikacja-avp"],"_links":{"self":[{"href":"https:\/\/arsvitrea.pl\/index.php\/wp-json\/wp\/v2\/posts\/1433","targetHints":{"allow":["GET"]}}],"collection":[{"href":"https:\/\/arsvitrea.pl\/index.php\/wp-json\/wp\/v2\/posts"}],"about":[{"href":"https:\/\/arsvitrea.pl\/index.php\/wp-json\/wp\/v2\/types\/post"}],"author":[{"embeddable":true,"href":"https:\/\/arsvitrea.pl\/index.php\/wp-json\/wp\/v2\/users\/1"}],"replies":[{"embeddable":true,"href":"https:\/\/arsvitrea.pl\/index.php\/wp-json\/wp\/v2\/comments?post=1433"}],"version-history":[{"count":0,"href":"https:\/\/arsvitrea.pl\/index.php\/wp-json\/wp\/v2\/posts\/1433\/revisions"}],"wp:featuredmedia":[{"embeddable":true,"href":"https:\/\/arsvitrea.pl\/index.php\/wp-json\/wp\/v2\/media\/1434"}],"wp:attachment":[{"href":"https:\/\/arsvitrea.pl\/index.php\/wp-json\/wp\/v2\/media?parent=1433"}],"wp:term":[{"taxonomy":"category","embeddable":true,"href":"https:\/\/arsvitrea.pl\/index.php\/wp-json\/wp\/v2\/categories?post=1433"},{"taxonomy":"post_tag","embeddable":true,"href":"https:\/\/arsvitrea.pl\/index.php\/wp-json\/wp\/v2\/tags?post=1433"}],"curies":[{"name":"wp","href":"https:\/\/api.w.org\/{rel}","templated":true}]}}