{"id":1412,"date":"2017-09-28T21:42:30","date_gmt":"2017-09-28T20:42:30","guid":{"rendered":"http:\/\/www.stowarzyszenie-witrazy.pl\/?p=1412"},"modified":"2017-09-28T21:42:30","modified_gmt":"2017-09-28T20:42:30","slug":"adam-stalony-dobrzanski","status":"publish","type":"post","link":"https:\/\/arsvitrea.pl\/index.php\/2017\/09\/28\/adam-stalony-dobrzanski\/","title":{"rendered":"Adam Stalony-Dobrza\u0144ski &#8211; wystawa witra\u017cy"},"content":{"rendered":"<p>[kad_youtube url=&#8221;https:\/\/youtu.be\/5b2iBIc8Yb4&#8243; ]<\/p>\n<h4>Wystawa witra\u017cy Adam Stalony-Dobrza\u0144ski (1904-1985), ucznia na Akademii Sztuk Pi\u0119knych w Krakowie J\u00f3zefa Mehoffera i Xawerego Dunikowskiego,<\/h4>\n<p>a nast\u0119pnie profesora tej najs\u0142ynniejszej polskiej uczelni artystycznej zbudowana z monumentalnych iluminowanych wydruk\u00f3w cyfrowych na folii transparentnej ukazuje przekr\u00f3j witra\u017cowej tw\u00f3rczo\u015bci artysty z bardzo wielu ko\u015bcio\u0142\u00f3w i cerkwi, a nawet zboru ewangelickiego rozsianych po ca\u0142ej Polsce od Dolnego \u015al\u0105ska, przez Warszaw\u0119 po Podlasie. Mimo to wystawa prezentuje zaledwie fragmenty z ogromnego dzie\u0142a krakowskiego mistrza, na kt\u00f3re sk\u0142ada si\u0119 ponad 200 okien witra\u017cowych do 37 \u015bwi\u0105ty\u0144 o \u0142\u0105cznej powierzchni ponad 1000 mkw. Ekspozycja ukazuje zatem nie wi\u0119cej ni\u017c oko\u0142o 15% dorobku witra\u017cowego artysty. (Adam Stalony-Dobrza\u0144ski)<\/p>\n<h4>Wystawa przeznaczona do ekspozycji na Ba\u0142kanach &#8211; w Serbii, Czarnog\u00f3rze i Macedonii<\/h4>\n<p>&#8211; zbudowana jest na planie i w formie bizantyjskiej \u015bwi\u0105tyni Hagii Sophii w Konstantynopolu. Zaskakuj\u0105co jednak wystr\u00f3j \u015bcian Soboru tworz\u0105 nie tradycyjne dla Wschodu mozaiki czy polichromie, lecz \u015bwiat\u0142o s\u0105czone przez szybki zachodnioeuropejskiego witra\u017ca. Kompozycja scen i postaci nawi\u0105zuje do ikonograficznego programu monumentalnego malarstwa bizantyjskiego, jednak tw\u00f3rcza wizja artysty rozszerza tradycyjne kanony bizantyjskiej ikony o mocny j\u0119zyk sztuki roma\u0144skiej i gotyckiej kszta\u0142tuj\u0105cy si\u0119 przez wieki w witra\u017cach i rze\u017abach katedr zachodniego \u015bredniowiecza.<\/p>\n<p>Inspiracje kompletnym dziedzictwem europejskiego malarstwa sakralnego doby wiek\u00f3w \u015brednich, w tym zar\u00f3wno tradycji \u0142aci\u0144skiej jak i bizantyjskiej \u0142\u0105cz\u0105 si\u0119 w witra\u017cach artysty z wyra\u017anymi wp\u0142ywami kubizmu i awangardy wieku XX co czyni z nich dzie\u0142a zupe\u0142nie unikatowe na tle ca\u0142ej sztuki minionego stulecia. Obok samej warstwy artystycznej spotykamy w witra\u017cach Adama Stalony-Dobrza\u0144ski si\u0142\u0119 mistycznej wizji i dog\u0142\u0119bn\u0105 wiedz\u0119 teologiczn\u0105, dzi\u0119ki kt\u00f3rym jego dzie\u0142a stanowi\u0105 otwarty rozdzia\u0142 dziej\u00f3w Historii Zbawienia. Obok postaci, scen, symboli i atrybut\u00f3w dotkniemy tu pi\u0119kna S\u0142owa Bo\u017cego, uj\u0119tego przez artyst\u0119 w znakomite kompozycje liternicze. S\u0142owa, kt\u00f3re uzupe\u0142nia, a mo\u017ce raczej posadawia ca\u0142o\u015b\u0107 kompozycji malarskich.<\/p>\n<p>&nbsp;<\/p>\n<p>&nbsp;<\/p>\n","protected":false},"excerpt":{"rendered":"<p>[kad_youtube url=&#8221;https:\/\/youtu.be\/5b2iBIc8Yb4&#8243; ] Wystawa witra\u017cy Adam Stalony-Dobrza\u0144ski (1904-1985), ucznia na Akademii Sztuk Pi\u0119knych w Krakowie J\u00f3zefa Mehoffera i Xawerego Dunikowskiego, a nast\u0119pnie profesora tej najs\u0142ynniejszej polskiej uczelni artystycznej zbudowana z monumentalnych iluminowanych wydruk\u00f3w cyfrowych na folii transparentnej ukazuje przekr\u00f3j witra\u017cowej tw\u00f3rczo\u015bci artysty z bardzo wielu ko\u015bcio\u0142\u00f3w i cerkwi, a nawet zboru ewangelickiego rozsianych po ca\u0142ej [&hellip;]<\/p>\n","protected":false},"author":1,"featured_media":1414,"comment_status":"closed","ping_status":"closed","sticky":false,"template":"","format":"standard","meta":{"footnotes":""},"categories":[14],"tags":[15,29,80],"class_list":["post-1412","post","type-post","status-publish","format-standard","has-post-thumbnail","hentry","category-wystawy","tag-adam-stalony-dobrzanski","tag-ikonostas","tag-wystawa-witrazy"],"_links":{"self":[{"href":"https:\/\/arsvitrea.pl\/index.php\/wp-json\/wp\/v2\/posts\/1412","targetHints":{"allow":["GET"]}}],"collection":[{"href":"https:\/\/arsvitrea.pl\/index.php\/wp-json\/wp\/v2\/posts"}],"about":[{"href":"https:\/\/arsvitrea.pl\/index.php\/wp-json\/wp\/v2\/types\/post"}],"author":[{"embeddable":true,"href":"https:\/\/arsvitrea.pl\/index.php\/wp-json\/wp\/v2\/users\/1"}],"replies":[{"embeddable":true,"href":"https:\/\/arsvitrea.pl\/index.php\/wp-json\/wp\/v2\/comments?post=1412"}],"version-history":[{"count":0,"href":"https:\/\/arsvitrea.pl\/index.php\/wp-json\/wp\/v2\/posts\/1412\/revisions"}],"wp:featuredmedia":[{"embeddable":true,"href":"https:\/\/arsvitrea.pl\/index.php\/wp-json\/wp\/v2\/media\/1414"}],"wp:attachment":[{"href":"https:\/\/arsvitrea.pl\/index.php\/wp-json\/wp\/v2\/media?parent=1412"}],"wp:term":[{"taxonomy":"category","embeddable":true,"href":"https:\/\/arsvitrea.pl\/index.php\/wp-json\/wp\/v2\/categories?post=1412"},{"taxonomy":"post_tag","embeddable":true,"href":"https:\/\/arsvitrea.pl\/index.php\/wp-json\/wp\/v2\/tags?post=1412"}],"curies":[{"name":"wp","href":"https:\/\/api.w.org\/{rel}","templated":true}]}}