{"id":1405,"date":"2017-09-11T20:34:54","date_gmt":"2017-09-11T19:34:54","guid":{"rendered":"http:\/\/www.stowarzyszenie-witrazy.pl\/?p=1405"},"modified":"2017-09-11T20:34:54","modified_gmt":"2017-09-11T19:34:54","slug":"katedra-swiatla-witraze-adama-stalony-dobrzanskiego","status":"publish","type":"post","link":"https:\/\/arsvitrea.pl\/index.php\/2017\/09\/11\/katedra-swiatla-witraze-adama-stalony-dobrzanskiego\/","title":{"rendered":"KATEDRA \u015aWIAT\u0141A \u2013 WITRA\u017bE ADAMA STALONY-DOBRZA\u0143SKIEGO"},"content":{"rendered":"<p><img fetchpriority=\"high\" decoding=\"async\" class=\"alignnone size-full wp-image-1406\" src=\"http:\/\/arsvitrea.pl\/wp-content\/uploads\/2017\/09\/aniol.png\" alt=\"\" width=\"581\" height=\"278\" srcset=\"https:\/\/arsvitrea.pl\/wp-content\/uploads\/2017\/09\/aniol.png 581w, https:\/\/arsvitrea.pl\/wp-content\/uploads\/2017\/09\/aniol-300x144.png 300w\" sizes=\"(max-width: 581px) 100vw, 581px\" \/><\/p>\n<p><strong>Fundacja Kultury i Sztuki Europejskiej ARS LONGA Mieczys\u0142awa \u015awi\u0119cickiego<\/strong><\/p>\n<p>oraz <strong>Muzeum Lotnictwa w Krakowie<\/strong><\/p>\n<p>maj\u0105 zaszczyt zaprosi\u0107 na pokaz<\/p>\n<h4>KATEDRA \u015aWIAT\u0141A \u2013 WITRA\u017bE ADAMA STALONY-DOBRZA\u0143SKIEGO<\/h4>\n<p>kt\u00f3ry eksponowany b\u0119dzie jesieni\u0105 2017 roku w ramach Programu MKiDN pn.: \u201ePromocja kultury polskiej za granic\u0105\u201d<br \/>\nw stolicach Serbii \u2013 Belgradzie, Macedonii \u2013 Skopje i Czarnog\u00f3ry &#8211; Podgoricy.<\/p>\n<p>Wystawa jest pierwszym w historii Polski projektem artystycznym, kt\u00f3ry otrzyma\u0142 b\u0142ogos\u0142awie\u0144stwo Patriarchy Serbii Jego \u015awi\u0105tobliwo\u015bci Irinieja, Metropolity Czarnog\u00f3ry J.E. Amfilochia i Arcybiskupa Macedonii J.E. Stefana. Wystawa eksponowana b\u0119dzie na Ba\u0142kanach w katedralnych soborach wszystkich trzech stolic biskupich.<\/p>\n<p>Ekspozycja zbudowana na planie i w formie historycznego bizantyjskiego Soboru Hagii Sophii w Konstantynopolu wy\u0142\u0105cznie z monumentalnych fotogram\u00f3w witra\u017cy profesora ASP w Krakowie Adama Stalony-Dobrza\u0144skiego (1904\u20131985) przypomina r\u00f3wnocze\u015bnie sw\u0105 architektur\u0105 parysk\u0105 Sainte Chapelle. \u015aciany Soboru \u2013 KATEDRY \u015aWIAT\u0141A zbudowane s\u0105 bowiem wy\u0142\u0105cznie ze \u015bwietlistej materii witra\u017ca.<\/p>\n<p>Adam Stalony-Dobrza\u0144ski nale\u017ca\u0142 do grona \u201eartyst\u00f3w wykl\u0119tych\u201d, a jego znakomita tw\u00f3rczo\u015b\u0107 sakralna \u2013 obejmuj\u0105ca monumentalne witra\u017ce do ponad 200 okien w 37 ko\u015bcio\u0142ach, 32 polichromie \u015bcienne oraz dziesi\u0105tki mozaik \u2013 zosta\u0142a<br \/>\nw czasach PRL zakryta przed wzrokiem odbiorc\u00f3w. Sankcje komunistycznej cenzury, kt\u00f3re od 1960 roku obj\u0119\u0142y posta\u0107<br \/>\ni dzie\u0142a artysty, wi\u0105za\u0142y si\u0119 z jego odmow\u0105 pracy jako komunistycznego agenta Urz\u0119du Bezpiecze\u0144stwa w \u0142onie Ko\u015bcio\u0142a. Dla bezpieki by\u0142by on agentem szczeg\u00f3lnie cennym, gdy\u017c zwi\u0105zanym poprzez sw\u0105 prac\u0105 i przyja\u017a\u0144\u00a0\u00a0z Metropolit\u0105 Krakowskim J.E. Kardyna\u0142em Karolem Wojty\u0142\u0105, przysz\u0142ym Ojcem \u015awi\u0119tym Janem Paw\u0142em II.<\/p>\n<p>Wystawa jest elementem szerszego projektu przywr\u00f3cenia dzie\u0142 i postaci Adama Stalony-Dobrza\u0144skiego kulturze narodowej, i ma na celu zapoznanie zaproszonych go\u015bci z sakraln\u0105 sztuk\u0105 artysty zgromadzon\u0105 w jednym miejscu w formie monumentalnej scenografii<\/p>\n<p><strong>Prezentacja wystawy odb\u0119dzie si\u0119 w poniedzia\u0142ek 25 wrze\u015bnia 2017 roku<\/strong><\/p>\n<p><strong>w godz. 14.00\u201317.00<\/strong><\/p>\n<p><strong>w Gmachu G\u0142\u00f3wnym MUZEUM LOTNICTWA W KRAKOWIE<\/strong><\/p>\n<p><strong>Aleja Jana Paw\u0142a II 39, Krak\u00f3w<\/strong><\/p>\n<p>&nbsp;<\/p>\n<p>Mieczys\u0142aw \u015awi\u0119cicki\u00a0\u00a0\u00a0\u00a0\u00a0\u00a0\u00a0\u00a0\u00a0\u00a0\u00a0\u00a0\u00a0\u00a0\u00a0\u00a0\u00a0\u00a0\u00a0Krzysztof Radwan\u00a0\u00a0\u00a0\u00a0\u00a0\u00a0\u00a0\u00a0\u00a0\u00a0\u00a0Jan Stalony-Dobrza\u0144ski<\/p>\n<p>Prez. Fund. ARS LONGA\u00a0\u00a0\u00a0\u00a0\u00a0\u00a0\u00a0 Dyr. Muzeum Lotnictwa\u00a0\u00a0\u00a0\u00a0\u00a0\u00a0\u00a0\u00a0\u00a0\u00a0\u00a0\u00a0\u00a0Kurator wystawy<\/p>\n<p>&nbsp;<\/p>\n<p>Wi\u0119cej informacji o Adamie Stalony-Dobrza\u0144skim na stronie internetowej:<\/p>\n<p><a href=\"http:\/\/www.stalony-dobrzanski.info\">www.stalony-dobrzanski.info<\/a><\/p>\n","protected":false},"excerpt":{"rendered":"<p>Fundacja Kultury i Sztuki Europejskiej ARS LONGA Mieczys\u0142awa \u015awi\u0119cickiego oraz Muzeum Lotnictwa w Krakowie maj\u0105 zaszczyt zaprosi\u0107 na pokaz KATEDRA \u015aWIAT\u0141A \u2013 WITRA\u017bE ADAMA STALONY-DOBRZA\u0143SKIEGO kt\u00f3ry eksponowany b\u0119dzie jesieni\u0105 2017 roku w ramach Programu MKiDN pn.: \u201ePromocja kultury polskiej za granic\u0105\u201d w stolicach Serbii \u2013 Belgradzie, Macedonii \u2013 Skopje i Czarnog\u00f3ry &#8211; Podgoricy. Wystawa jest [&hellip;]<\/p>\n","protected":false},"author":1,"featured_media":1406,"comment_status":"closed","ping_status":"closed","sticky":false,"template":"","format":"standard","meta":{"footnotes":""},"categories":[14],"tags":[22,50,64],"class_list":["post-1405","post","type-post","status-publish","format-standard","has-post-thumbnail","hentry","category-wystawy","tag-ars-longa","tag-muzeum-lotnictwa","tag-stalony-dobrzanski"],"_links":{"self":[{"href":"https:\/\/arsvitrea.pl\/index.php\/wp-json\/wp\/v2\/posts\/1405","targetHints":{"allow":["GET"]}}],"collection":[{"href":"https:\/\/arsvitrea.pl\/index.php\/wp-json\/wp\/v2\/posts"}],"about":[{"href":"https:\/\/arsvitrea.pl\/index.php\/wp-json\/wp\/v2\/types\/post"}],"author":[{"embeddable":true,"href":"https:\/\/arsvitrea.pl\/index.php\/wp-json\/wp\/v2\/users\/1"}],"replies":[{"embeddable":true,"href":"https:\/\/arsvitrea.pl\/index.php\/wp-json\/wp\/v2\/comments?post=1405"}],"version-history":[{"count":0,"href":"https:\/\/arsvitrea.pl\/index.php\/wp-json\/wp\/v2\/posts\/1405\/revisions"}],"wp:featuredmedia":[{"embeddable":true,"href":"https:\/\/arsvitrea.pl\/index.php\/wp-json\/wp\/v2\/media\/1406"}],"wp:attachment":[{"href":"https:\/\/arsvitrea.pl\/index.php\/wp-json\/wp\/v2\/media?parent=1405"}],"wp:term":[{"taxonomy":"category","embeddable":true,"href":"https:\/\/arsvitrea.pl\/index.php\/wp-json\/wp\/v2\/categories?post=1405"},{"taxonomy":"post_tag","embeddable":true,"href":"https:\/\/arsvitrea.pl\/index.php\/wp-json\/wp\/v2\/tags?post=1405"}],"curies":[{"name":"wp","href":"https:\/\/api.w.org\/{rel}","templated":true}]}}