{"id":1298,"date":"2016-12-23T09:42:13","date_gmt":"2016-12-23T08:42:13","guid":{"rendered":"http:\/\/www.stowarzyszenie-witrazy.pl\/?p=1298"},"modified":"2016-12-23T09:42:13","modified_gmt":"2016-12-23T08:42:13","slug":"zyczenia-swiateczne-2016","status":"publish","type":"post","link":"https:\/\/arsvitrea.pl\/index.php\/2016\/12\/23\/zyczenia-swiateczne-2016\/","title":{"rendered":"\u017byczenia \u015awi\u0105teczne 2016"},"content":{"rendered":"<h4><img fetchpriority=\"high\" decoding=\"async\" class=\"size-medium wp-image-1299 alignleft\" src=\"http:\/\/www.stowarzyszenie-witrazy.pl\/wp-content\/uploads\/2016\/12\/poklon-3-kroli-246x300.jpg\" alt=\"\" width=\"246\" height=\"300\" srcset=\"https:\/\/arsvitrea.pl\/wp-content\/uploads\/2016\/12\/poklon-3-kroli-246x300.jpg 246w, https:\/\/arsvitrea.pl\/wp-content\/uploads\/2016\/12\/poklon-3-kroli.jpg 700w\" sizes=\"(max-width: 246px) 100vw, 246px\" \/><span style=\"color: #0000ff;\"><strong>Kochani, Kole\u017canki i Koledzy!<\/strong><\/span><\/h4>\n<h4 style=\"text-align: left;\"><span style=\"color: #0000ff;\"><strong>\u015awi\u0119ta i Nowy Rok za progiem,\u00a0\u017cycz\u0119 Wam i Waszym Rodzinom<\/strong><\/span><\/h4>\n<h4 style=\"text-align: left;\"><span style=\"color: #0000ff;\"><strong>wszystkiego, co dobre: zdrowia, spokoju, u\u015bmiechu i nieustannego odkrywania pi\u0119kna witra\u017cy<\/strong><\/span><\/h4>\n<p style=\"text-align: left;\"><span style=\"color: #0000ff;\"><strong>Danuta Czapczy\u0144ska-Kleszczy\u0144ska<\/strong><\/span><\/p>\n<p>&nbsp;<\/p>\n<p>&nbsp;<\/p>\n<p>&nbsp;<\/p>\n<p>&nbsp;<\/p>\n<p>&nbsp;<\/p>\n<p><strong>Przy okazji<\/strong><\/p>\n<p>Na koniec roku przekazuj\u0119 dobr\u0105 wiadomo\u015b\u0107 o ksi\u0105\u017cce katowickiej &#8211; dzi\u0119ki pracy Beaty i Magdy materia\u0142y s\u0105 w wydawnictwie; ksi\u0105\u017cka uka\u017ce si\u0119 w pierwszych miesi\u0105cach nowego roku. Mam nadziej\u0119, \u017ce i materia\u0142y z konferencji lubelskiej b\u0119d\u0105 gotowe w roku 2017 &#8211; teraz jeszcze trwaj\u0105 prace redakcyjne.<\/p>\n<p>Gor\u0105co zach\u0119cam aby\u015bcie wzi\u0119li sobie do serca apel Andrzeja i przesy\u0142ali informacje i materia\u0142y na nasz\u0105 stron\u0119 internetow\u0105. Ludzie z zewn\u0105trz te\u017c z niej korzystaj\u0105, czego mam dowody w postaci maili z pytaniami dotycz\u0105cymi witra\u017cy.<\/p>\n<p>Mam nadziej\u0119, \u017ce wszyscy ju\u017c odpowiedzieli na pytanie zadane przez Tomka w sprawie tytu\u0142u jubileuszowej konferencji.<\/p>\n<p>W pisemnej wersji sprawozdania z dzia\u0142alno\u015bci AVP przedstawionego na zebraniu 22 pa\u017adziernika b.r. zabrak\u0142o informacji o reprezentowaniu stowarzyszenia na wernisa\u017cu w muzeum w \u0141ukowie przez Andrzeja Bochacza, jak i o tym, \u017ce wystawa lubelska trafi\u0142a tam dzi\u0119ki pomocy p. kustosz Danuty Michalec &#8211; dzi\u0119kuj\u0119 i przepraszam za przeoczenie.<\/p>\n<p>Do sp\u00f3\u017anialskich apeluj\u0119 o uzupe\u0142nienie sk\u0142adek.<\/p>\n<p>&nbsp;<\/p>\n","protected":false},"excerpt":{"rendered":"<p>Kochani, Kole\u017canki i Koledzy! \u015awi\u0119ta i Nowy Rok za progiem,\u00a0\u017cycz\u0119 Wam i Waszym Rodzinom wszystkiego, co dobre: zdrowia, spokoju, u\u015bmiechu i nieustannego odkrywania pi\u0119kna witra\u017cy Danuta Czapczy\u0144ska-Kleszczy\u0144ska &nbsp; &nbsp; &nbsp; &nbsp; &nbsp; Przy okazji Na koniec roku przekazuj\u0119 dobr\u0105 wiadomo\u015b\u0107 o ksi\u0105\u017cce katowickiej &#8211; dzi\u0119ki pracy Beaty i Magdy materia\u0142y s\u0105 w wydawnictwie; ksi\u0105\u017cka uka\u017ce [&hellip;]<\/p>\n","protected":false},"author":1,"featured_media":1299,"comment_status":"closed","ping_status":"closed","sticky":false,"template":"","format":"standard","meta":{"footnotes":""},"categories":[9],"tags":[],"class_list":["post-1298","post","type-post","status-publish","format-standard","has-post-thumbnail","hentry","category-ogloszenia"],"_links":{"self":[{"href":"https:\/\/arsvitrea.pl\/index.php\/wp-json\/wp\/v2\/posts\/1298","targetHints":{"allow":["GET"]}}],"collection":[{"href":"https:\/\/arsvitrea.pl\/index.php\/wp-json\/wp\/v2\/posts"}],"about":[{"href":"https:\/\/arsvitrea.pl\/index.php\/wp-json\/wp\/v2\/types\/post"}],"author":[{"embeddable":true,"href":"https:\/\/arsvitrea.pl\/index.php\/wp-json\/wp\/v2\/users\/1"}],"replies":[{"embeddable":true,"href":"https:\/\/arsvitrea.pl\/index.php\/wp-json\/wp\/v2\/comments?post=1298"}],"version-history":[{"count":0,"href":"https:\/\/arsvitrea.pl\/index.php\/wp-json\/wp\/v2\/posts\/1298\/revisions"}],"wp:featuredmedia":[{"embeddable":true,"href":"https:\/\/arsvitrea.pl\/index.php\/wp-json\/wp\/v2\/media\/1299"}],"wp:attachment":[{"href":"https:\/\/arsvitrea.pl\/index.php\/wp-json\/wp\/v2\/media?parent=1298"}],"wp:term":[{"taxonomy":"category","embeddable":true,"href":"https:\/\/arsvitrea.pl\/index.php\/wp-json\/wp\/v2\/categories?post=1298"},{"taxonomy":"post_tag","embeddable":true,"href":"https:\/\/arsvitrea.pl\/index.php\/wp-json\/wp\/v2\/tags?post=1298"}],"curies":[{"name":"wp","href":"https:\/\/api.w.org\/{rel}","templated":true}]}}