{"id":1195,"date":"2007-05-12T23:15:16","date_gmt":"2007-05-12T22:15:16","guid":{"rendered":"http:\/\/www.stowarzyszenie-witrazy.pl\/?p=1195"},"modified":"2007-05-12T23:15:16","modified_gmt":"2007-05-12T22:15:16","slug":"v-sesja-naukowa-krakow-2007-r","status":"publish","type":"post","link":"https:\/\/arsvitrea.pl\/index.php\/2007\/05\/12\/v-sesja-naukowa-krakow-2007-r\/","title":{"rendered":"V sesja naukowa &#8211; Krak\u00f3w 2007 r."},"content":{"rendered":"<p>&nbsp;<\/p>\n<h3>&#8222;Stanis\u0142awowi Wyspia\u0144skiemu w setn\u0105 rocznic\u0119 \u015bmierci&#8221;<\/h3>\n<p>Krak\u00f3w, 11-13 maja 2007<\/p>\n<p>Wsp\u00f3\u0142organizator: Stowarzyszenie Tw\u00f3rcze \u201eDom Stanis\u0142awa Wyspia\u0144skiego\u201d, Towarzystwo Lekarskie Krakowskie i VIII LO im. Stanis\u0142awa Wyspia\u0144skiego w Krakowie<br \/>\nZosta\u0142a zorganizowana konferencja naukowa przez WyspArt i Stowarzyszenie Mi\u0142o\u015bnik\u00f3w Witra\u017cy \u201eSTANIS\u0141AWOWI WYSPIA\u0143SKIEMU W SETN\u0104 ROCZNIC\u0118 \u015aMIERCI\u201d pod honorowym patronatem: Stanis\u0142awa Kardyna\u0142a Dziwisza Arcybiskupa Metropolity Krakowskiego, Marsza\u0142ka Wojew\u00f3dztwa Ma\u0142opolskiego Pana Marka Nawary, Prezydenta Miasta Krakowa Pana Jacka Majchrowskiego i Muzeum Historycznego Miasta Krakowa, przy wsp\u00f3\u0142pracy: Towarzystwa Lekarskiego Krakowskiego i VIII LO im. Stanis\u0142awa Wyspia\u0144skiego w Krakowie.<br \/>\nKonferencji towarzyszy\u0142 uliczny pokaz prze\u017aroczy Witra\u017ce Wyspia\u0144skiego, na elewacji Pa\u0142acu Potockich (r\u00f3g ul. Brackiej i Rynku) w opracowaniu Krystyny Paw\u0142owskiej, Prezes Stowarzyszenia, wy\u015bwietlany dzi\u0119ki uprzejmo\u015bci Micha\u0142a Zab\u0142ockiego.<\/p>\n<p><strong>Program konferencji:<\/strong><\/p>\n<p><strong>11 maja (pi\u0105tek)<\/strong><\/p>\n<ul>\n<li>Spotkanie w \u201eSzafirowej pracowni\u201d, ul. Krowoderska 79 w Krakowie<\/li>\n<li>Powitanie: mgr Magdalena Zarychta<\/li>\n<li>mgr Marta Romanowska\u00a0Muzeum Narodowe w Krakowie, Muzeum Wyspia\u0144skiego &#8211;\u00a0\u201eSzafirowa pracownia\u201d Stanis\u0142awa Wyspia\u0144skiego<\/li>\n<li>Spacer Szlakiem witra\u017cy Wyspia\u0144skiego i jemu wsp\u00f3\u0142czesnych &#8211;\u00a0spotkanie przy ul. D\u0142ugiej 1 (przed bram\u0105), zako\u0144czenie przy Al. Juliusza S\u0142owackiego 7<\/li>\n<li>Walne Zebranie Stowarzyszenia Mi\u0142o\u015bnik\u00f3w Witra\u017cy przy ul. Krowoderskiej 79<\/li>\n<\/ul>\n<p><strong>12 maja (sobota),<\/strong><\/p>\n<ul>\n<li>Dom Towarzystwa Lekarskiego Krakowskiego przy ul. Radziwi\u0142\u0142owskiej 4\u00a0Otwarcie konferencji w imieniu Stowarzyszenia Mi\u0142o\u015bnik\u00f3w Witra\u017cy \u2013 dr hab. arch. Krystyna Paw\u0142owska, prof. PK w imieniu Towarzystwa Lekarskiego Krakowskiego &#8211; Prof. dr hab. med. Igor Go\u015bci\u0144ski i Prof. dr hab. med. Aleksander Skotnicki, Stanis\u0142aw Wyspia\u0144ski dla Domu Towarzystwa Lekarskiego Krakowskiego sekretarz naukowy konferencji Danuta Czapczy\u0144ska- Kleszczy\u0144ska<br \/>\n<strong>Sesja 1<\/strong><\/li>\n<li>dr Zbigniew Beiersdorf Uniwersytet Jagiello\u0144ski, Katedra Dziedzictwa Europejskiego, Krak\u00f3w\u00a0Dom Lekarski jako dzie\u0142o sztuki<\/li>\n<li>mgr Regina Rych\u0142owska \u2013 Moli\u0144ska projektant witra\u017cy, Krak\u00f3w &#8211;\u00a0Wykonanie repliki witra\u017ca Stanis\u0142awa Wyspia\u0144skiego \u201eApollo Sp\u0119tany\u201d<\/li>\n<li>prof. dr hab. Wojciech Ba\u0142us Uniwersytet Jagiello\u0144ski, Instytut Historii Sztuki, Krak\u00f3w &#8211;\u00a0Witra\u017ce Stanis\u0142awa Wyspia\u0144skiego w ko\u015bciele franciszkan\u00f3w w Krakowie \u2013 program ikonograficzny<\/li>\n<li>prof. art. mal. Stanis\u0142aw Rodzi\u0144ski\u00a0Akademia Sztuk Pi\u0119knych, Krak\u00f3w &#8211;\u00a0Rozmowa malarza ze \u015bwiat\u0142em \u2013 refleksje o witra\u017cach<\/li>\n<li>dr hab. arch. Krystyna Paw\u0142owska, prof. PK\u00a0Politechnika Krakowska, Instytut Architektury Krajobrazu, SMW &#8211;\u00a0Interpretacje karton\u00f3w czy autentyczne dzie\u0142a Wyspia\u0144skiego?<\/li>\n<\/ul>\n<p><strong>Sesja 2<\/strong><\/p>\n<ul>\n<li>Przedstawienie wokalno &#8211; teatralne Zab\u0142\u0105kane Gwiazdy I, autor: Marta Stebnicka, wykonanie: uczniowie VIII LO im. Stanis\u0142awa Wyspia\u0144skiego w Krakowie, pod kierunkiem S\u0142awomira Rokity<\/li>\n<li>mgr Jurij Smirnow Wydawnictwo Halicka Brama, Lw\u00f3w, SMW &#8211;\u00a0Projekt witra\u017ca Stanis\u0142awa Wyspia\u0144skiego do Katedry Lwowskiej i prace wsp\u00f3\u0142czesnych mu artyst\u00f3w krakowskich dla Lwowa<\/li>\n<li>mgr Ryszard Piechowiak Historyk sztuki, Jutrosin &#8211;\u00a0\u201eWyspia\u0144skiego do witra\u017cy&#8230;\u201d. Kilka s\u0142\u00f3w o podj\u0119tych przez artyst\u0119, a niezrealizowanych projektach witra\u017cowych do ko\u015bcio\u0142a \u015bw. El\u017cbiety w Jutrosinie<\/li>\n<li>mgr Anna Rad\u0142owska-Tabor architekt, Gliwice, SMW &#8211;\u00a0O zaskakuj\u0105cych konsekwencjach spotkania Stanis\u0142awa Wyspia\u0144skiego z kardyna\u0142em Puzyn\u0105 i o s\u0142abo\u015bci Wyspia\u0144skiego do dzwoneczk\u00f3w, dzwonk\u00f3w i pewnego dzwonu.<\/li>\n<\/ul>\n<p><strong>13 maja (niedziela)<\/strong><\/p>\n<ul>\n<li>Dom Towarzystwa Lekarskiego Krakowskiego przy ul. Radziwi\u0142\u0142owskiej 4<br \/>\n<strong>Sesja 3<\/strong><\/li>\n<li>dr El\u017cbieta Greiner \u2013Wronowa Akademia G\u00f3rniczo-Hutnicza Katedra Szk\u0142a i Pow\u0142ok Amorficznych, Krak\u00f3w, SMW &#8211;\u00a0Korozja szk\u0142a witra\u017cowego w warunkach aglomeracji miejskiej w Krakowie<\/li>\n<li>mgr Tomasz Szybisty Uniwersytet Jagiello\u0144ski, Krak\u00f3w, SMW &#8211;\u00a0Witra\u017c Juliusa H\u00fcbnera w krakowskim ko\u015bciele dominikan\u00f3w<\/li>\n<li>mgr Barbara Ciciora\u2013 Czw\u00f3rn\u00f3g Muzeum Narodowe w Krakowie, Dom Jana Matejki, SMW &#8211;\u00a0Jan Matejko i pocz\u0105tki krakowskich witra\u017cy<\/li>\n<li>dr Andrzej Laskowski Regionalny O\u015brodek Bada\u0144 i Dokumentacji Zabytk\u00f3w, Krak\u00f3w, SMW &#8211;\u00a0Wiede\u0144 odnaleziony w Cieklinie. O galicyjskich realizacjach wiede\u0144skiego zak\u0142adu Carla Geylinga<\/li>\n<li>mgr Danuta Czapczy\u0144ska \u2013 Kleszczy\u0144ska historyk sztuki, Krak\u00f3w, SMW &#8211;\u00a0Witra\u017c i jego autorzy. Kilka uwag o pracowniach witra\u017cowych w dobie Wyspia\u0144skiego<\/li>\n<li>mgr Anna Ze\u0144czak Muzeum Narodowe w Krakowie Dom J\u00f3zefa Mehoffera &#8211;\u00a0Witra\u017c J\u00f3zefa Mehoffera Vita Somnium Breve wobec tradycji ikonograficznej i modernizmu<\/li>\n<\/ul>\n<p><strong>Sesja 4<\/strong><\/p>\n<ul>\n<li>dr Ma\u0142gorzata Reinhard-Chlanda Akademia Sztuk Pi\u0119knych, Krak\u00f3w, SMW &#8211;\u00a0Scheda Wyspia\u0144skiego \u2013 szczeg\u00f3lny w\u0105tek witra\u017cy krakowskich<\/li>\n<li>mgr Marta Danowska\u00a0Regionalny O\u015brodek Bada\u0144 i Dokumentacji Zabytk\u00f3w, Zielona G\u00f3ra &#8211;\u00a0Zabytkowe witra\u017ce sakralne w wojew\u00f3dztwie lubuskim<\/li>\n<li>mgr Iwona Li\u017cewska Regionalny O\u015brodek Bada\u0144 i Dokumentacji Zabytk\u00f3w, Olsztyn &#8211;\u00a0Witra\u017ce w katolickich \u015bwi\u0105tyniach na Mazurach w 2 po\u0142owie XIX wieku<\/li>\n<li>mgr Ryszard Szopa Miejski Konserwator Zabytk\u00f3w, Chorz\u00f3w, SMW &#8211;\u00a0Witra\u017ce secesyjne z terenu G\u00f3rnego \u015al\u0105ska jako przyk\u0142ad witra\u017cownictwa w dobie Wyspia\u0144skiego<\/li>\n<li>mgr Irena Kontny Wojew\u00f3dzki Urz\u0105d Ochrony Zabytk\u00f3w, Katowice, SMW &#8211;\u00a0\u201eObecno\u015b\u0107\u201d Stanis\u0142awa Wyspia\u0144skiego na G\u00f3rnym \u015al\u0105sku i w Zag\u0142\u0119biu<\/li>\n<\/ul>\n","protected":false},"excerpt":{"rendered":"<p>&nbsp; &#8222;Stanis\u0142awowi Wyspia\u0144skiemu w setn\u0105 rocznic\u0119 \u015bmierci&#8221; Krak\u00f3w, 11-13 maja 2007 Wsp\u00f3\u0142organizator: Stowarzyszenie Tw\u00f3rcze \u201eDom Stanis\u0142awa Wyspia\u0144skiego\u201d, Towarzystwo Lekarskie Krakowskie i VIII LO im. Stanis\u0142awa Wyspia\u0144skiego w Krakowie Zosta\u0142a zorganizowana konferencja naukowa przez WyspArt i Stowarzyszenie Mi\u0142o\u015bnik\u00f3w Witra\u017cy \u201eSTANIS\u0141AWOWI WYSPIA\u0143SKIEMU W SETN\u0104 ROCZNIC\u0118 \u015aMIERCI\u201d pod honorowym patronatem: Stanis\u0142awa Kardyna\u0142a Dziwisza Arcybiskupa Metropolity Krakowskiego, Marsza\u0142ka Wojew\u00f3dztwa [&hellip;]<\/p>\n","protected":false},"author":1,"featured_media":1256,"comment_status":"closed","ping_status":"open","sticky":false,"template":"","format":"standard","meta":{"footnotes":""},"categories":[7],"tags":[],"class_list":["post-1195","post","type-post","status-publish","format-standard","has-post-thumbnail","hentry","category-konferencje"],"_links":{"self":[{"href":"https:\/\/arsvitrea.pl\/index.php\/wp-json\/wp\/v2\/posts\/1195","targetHints":{"allow":["GET"]}}],"collection":[{"href":"https:\/\/arsvitrea.pl\/index.php\/wp-json\/wp\/v2\/posts"}],"about":[{"href":"https:\/\/arsvitrea.pl\/index.php\/wp-json\/wp\/v2\/types\/post"}],"author":[{"embeddable":true,"href":"https:\/\/arsvitrea.pl\/index.php\/wp-json\/wp\/v2\/users\/1"}],"replies":[{"embeddable":true,"href":"https:\/\/arsvitrea.pl\/index.php\/wp-json\/wp\/v2\/comments?post=1195"}],"version-history":[{"count":0,"href":"https:\/\/arsvitrea.pl\/index.php\/wp-json\/wp\/v2\/posts\/1195\/revisions"}],"wp:featuredmedia":[{"embeddable":true,"href":"https:\/\/arsvitrea.pl\/index.php\/wp-json\/wp\/v2\/media\/1256"}],"wp:attachment":[{"href":"https:\/\/arsvitrea.pl\/index.php\/wp-json\/wp\/v2\/media?parent=1195"}],"wp:term":[{"taxonomy":"category","embeddable":true,"href":"https:\/\/arsvitrea.pl\/index.php\/wp-json\/wp\/v2\/categories?post=1195"},{"taxonomy":"post_tag","embeddable":true,"href":"https:\/\/arsvitrea.pl\/index.php\/wp-json\/wp\/v2\/tags?post=1195"}],"curies":[{"name":"wp","href":"https:\/\/api.w.org\/{rel}","templated":true}]}}