{"id":1191,"date":"2003-10-17T23:08:18","date_gmt":"2003-10-17T22:08:18","guid":{"rendered":"http:\/\/www.stowarzyszenie-witrazy.pl\/?p=1191"},"modified":"2003-10-17T23:08:18","modified_gmt":"2003-10-17T22:08:18","slug":"iii-sesja-naukowa-wroclaw-2003-r","status":"publish","type":"post","link":"https:\/\/arsvitrea.pl\/index.php\/2003\/10\/17\/iii-sesja-naukowa-wroclaw-2003-r\/","title":{"rendered":"III sesja naukowa &#8211; Wroc\u0142aw 2003 r."},"content":{"rendered":"<p>&nbsp;<\/p>\n<h3>&#8222;Witra\u017c w architekturze \u2013 architektura na witra\u017cu&#8221;<\/h3>\n<p>Wroc\u0142aw 17-18 pa\u017adziernika 2003<\/p>\n<p>Wsp\u00f3\u0142organizator: Muzeum Architektury we Wroc\u0142awiu [publikacja 2012]<\/p>\n<p>W dniach 17-18\u00a0pa\u017adziernika br.\u00a0we\u00a0wroc\u0142awskim Muzeum Architektury odb\u0119dzie si\u0119\u00a0III Konferencja Naukowa Stowarzyszenia Mi\u0142o\u015bnik\u00f3w Witra\u017cy pt.\u00a0Witra\u017c w\u00a0architekturze \u2013 architektura na\u00a0witra\u017cach.<\/p>\n<p>III Mi\u0119dzynarodowa Konferencja Naukowa po\u015bwi\u0119cona sztuce witra\u017cowej jest kontynuacj\u0105 dzia\u0142a\u0144 podj\u0119tych kilka lat temu, po\u00a0raz pierwszy w\u00a0czasach powojennych (I Konferencja \u2013 Krak\u00f3w 1999, II Konferencja \u2013 Pozna\u0144 2001), w\u00a0celu podsumowania obecnego stanu wiedzy na\u00a0temat witra\u017cownictwa dawnego i\u00a0wsp\u00f3\u0142czesnego. Tematem planowanej sesji s\u0105 zwi\u0105zki mi\u0119dzy witra\u017cem i\u00a0architektur\u0105 np.\u00a0rola witra\u017cy w\u00a0projektowaniu wn\u0119trz, zastosowanie witra\u017cy jako detalu architektonicznego, architektura jako temat przedstawie\u0144 na\u00a0witra\u017cach, problemy dotycz\u0105ce technik witra\u017cowych.<\/p>\n<p>Konferencji towarzysz\u0105 dwie wystawy: wystawa tw\u00f3rczo\u015bci wybitnego austriackiego witra\u017cysty i\u00a0architekta wn\u0119trz Heinza Ebnera pt.\u00a0Tam s\u0142o\u0144cu namiot wystawi\u0142 (we wsp\u00f3\u0142pracy z\u00a0Austriackim Konsulatem Generalnym w\u00a0Krakowie oraz\u00a0znanego wroc\u0142awskiego konserwatora zabytk\u00f3w i\u00a0artysty- witra\u017cownika S\u0142awomira Oleszczuka Fascynacje.<\/p>\n<p><strong>Program: <\/strong><\/p>\n<p><strong>16\u00a0pa\u017adziernika<\/strong> godz.\u00a018.00 &#8211; Otwarcie wystawy witra\u017cy i\u00a0malarstwa Heinza Ebnera pt.\u00a0Tam s\u0142o\u0144cu namiot wystawi\u0142&#8230;<\/p>\n<p><strong>17 pa\u017adziernika <\/strong><\/p>\n<p>godz.\u00a09.00\u201313.00 &#8211; sesja przedpo\u0142udniowa: godz.\u00a09.00 &#8211; uroczysta inauguracja konferencji<br \/>\nPowitanie uczestnik\u00f3w i\u00a0go\u015bci: Jerzy Ilkosz \u2013 Dyrektor Muzeum Architektury we\u00a0Wroc\u0142awiu Otwarcie konferencji: prof.\u00a0dr\u00a0hab. arch. Krystyna Paw\u0142owska \u2013 Prezes Stowarzyszenia Mi\u0142o\u015bnik\u00f3w Witra\u017cy Ars Vitrea Polona<\/p>\n<p>godz. 9.20. prof.\u00a0dr\u00a0hab. arch. Krystyna Paw\u0142owska (Krak\u00f3w), Witra\u017c jako detal architektoniczny \u2013 r\u00f3\u017cnorodno\u015b\u0107 zastosowa\u0144 tradycyjnych i\u00a0wsp\u00f3\u0142czesnych.<\/p>\n<p>godz. 9.40. mgr\u00a0Beata Fekecz-Tomaszewska (Wroc\u0142aw), Zmierzch witra\u017cownictwa \u2013 oszklenia w\u00a0architekturze czas\u00f3w nowo\u017cytnych.<\/p>\n<p>godz. 10.00. mgr\u00a0Andrzej Laskowski (Krak\u00f3w), Rola architekt\u00f3w w\u00a0odrodzeniu sztuki witra\u017cowej w\u00a0Galicji na\u00a0prze\u0142omie XIX i\u00a0XX wieku.<\/p>\n<p>godz. 10.20. arch. Endre Sz\u0171cs (Budapeszt), Witra\u017c &#8211; sprytn\u0105 broni\u0105 w\u00a0r\u0119kach architekta prze\u0142omu wiek\u00f3w.<\/p>\n<p>40 \u2013 11.10 &#8211; przerwa<br \/>\ngodz. 11.10. mgr\u00a0Anna Szkur\u0142at (Warszawa), Witra\u017c w\u00a0architekturze secesyjnej.<\/p>\n<p>godz. 11.30. mgr\u00a0Barbara Ciciora (Krak\u00f3w), Witra\u017ce Jana Matejki.<\/p>\n<p>godz. 11.50. mgr\u00a0Marta Smoli\u0144ska-Byczuk (Pozna\u0144), Witra\u017c w\u00a0architekturze \u2013 architektura na\u00a0witra\u017cach w\u00a0tw\u00f3rczo\u015bci m\u0142odego J\u00f3zefa Mehoffera.<\/p>\n<p>godz. 12.10. Aleksandra Licimi\u0144ska (Wroc\u0142aw), Niech zaja\u015bniej\u0105 kr\u00f3lewskie rapsody \u2013 propozycja realizacji wawelskich witra\u017cy Stanis\u0142awa Wyspia\u0144skiego we\u00a0wroc\u0142awskim ko\u015bciele \u015bw.\u00a0Wincentego.<\/p>\n<p>godz. 12.30 \u2013 dyskusja godz.\u00a013.00 \u2013 14.30\u00a0przerwa obiadowa godz.\u00a014.30 \u2013 18.00\u00a0sesja popo\u0142udniowa<\/p>\n<p>godz. 14.30. mgr\u00a0Olga \u0141ysenko i\u00a0mgr\u00a0Pawe\u0142 Grankin (\u0141w\u00f3w), Witra\u017ce w\u00a0zdobieniu traktu wej\u015bciowego kamienic Lwowa (II polowa XIX \u2013 poczatek XX wieku).<\/p>\n<p>godz. 14.50. mgr\u00a0Jerzy Bardo\u0144ski (Pozna\u0144), Witra\u017ce II po\u0142owy XX wieku w\u00a0architekturze ko\u015bcio\u0142\u00f3w wielkopolskich,<\/p>\n<p>godz. 15.10. mgr\u00a0in\u017c.\u00a0Anna Rad\u0142owska-Tabor (Gliwice), Kiedy witra\u017c staje si\u0119\u00a0detalem&#8230;<\/p>\n<p>godz. 15.30. prof.\u00a0dr\u00a0hab. arch. Maria J. \u017bychowska (Krak\u00f3w), Nowa estetyka witra\u017cy a\u00a0architektura.<\/p>\n<p>godz. 15.50 \u2013 16.20 &#8211; przerwa<\/p>\n<p>godz. 16.20. dr\u00a0in\u017c.\u00a0arch. Andrzej Bia\u0142kiewicz (Krak\u00f3w), Integracja architektury i\u00a0sztuki witra\u017cowej na\u00a0przyk\u0142adzie ko\u015bcio\u0142a w\u00a0D\u0105biu.<\/p>\n<p>godz. 16.40. mgr\u00a0Irena Kontna (Katowice), Nowa technika witra\u017cu we\u00a0wn\u0119trzu sakralnym na\u00a0przyk\u0142adzie dw\u00f3ch \u015bl\u0105skich realizacji.<\/p>\n<p>godz. 17.00. mgr\u00a0Grzegorz Mitkiewicz (K\u0119dzierzyn-Ko\u017ale), Witra\u017c \u2013 projektowanie a\u00a0specyfika techniki.<\/p>\n<p>godz. 17.20. mgr\u00a0S\u0142awomir Oleszczuk (Wroc\u0142aw), Rodzaje ekspozycji witra\u017cy w\u00a0architekturze.<\/p>\n<p>godz. 17.40 \u2013 dyskusja<\/p>\n<p>godz. 18.30 &#8211; otwarcie wystawy witra\u017cy S\u0142awomira Oleszczuka pt.<br \/>\nFascynacje<br \/>\n<strong>18 pa\u017adziernika <\/strong><\/p>\n<p>godz.\u00a09.00 \u2013 12.30 &#8211; sesja przedpo\u0142udniowa<br \/>\ngodz. 9.00. mgr\u00a0Ma\u0142gorzata Reinhard-Chlanda (Krak\u00f3w), Rola witra\u017cy w\u00a0architekturze synagog post\u0119powych na\u00a0przyk\u0142adzie Templum w\u00a0Krakowie.<\/p>\n<p>godz. 9.20. mgr\u00a0Micha\u0142 Szyszka (Katowice), Cykl witra\u017cowy w\u00a0prezbiterium ko\u015bcio\u0142a ewangelicko-augsburskiego w\u00a0Katowicach.<\/p>\n<p>godz. 9.40. Danuta Czapczy\u0144ska-Kleszczy\u0144ska (Krak\u00f3w), Franciszka M\u0105czy\u0144skiego miniatury architektoniczne.<\/p>\n<p>godz. 10.00. mgr\u00a0Pawe\u0142 Grankin (Lw\u00f3w), Mozaiki firm witra\u017cowych we\u00a0Lwowie.<\/p>\n<p>20 \u2013 10.50 &#8211; przerwa<br \/>\ngodz. 10.50. Andr\u00e1s Hadik (Budapeszt), Sztuka witra\u017cowa w\u00a0zbiorach W\u0119gierskiego Muzeum Architektury.<\/p>\n<p>godz. 11.10. mgr\u00a0Agnieszka Gola i\u00a0dr\u00a0Magda \u0141awicka (Wroc\u0142aw), Kolekcje witra\u017cowe we\u00a0wn\u0119trzach pa\u0142ac\u00f3w \u015bl\u0105skich.<\/p>\n<p>godz. 11.30. mgr\u00a0El\u017cbieta Gajewska-Prorok (Wroc\u0142aw), Kolekcja witra\u017cy z\u00a0Domanic.<\/p>\n<p>godz. 11.50. arch. Ma\u0142gorzata Biela (L\u0119bork), Witra\u017ce ziemi L\u0119borskiej.<\/p>\n<p>godz. 12.10 \u2013 dyskusja godz.\u00a012.30 \u2013 14.00 &#8211; przerwa obiadowa godz.\u00a014.00 \u2013 17.30\u00a0sesja popo\u0142udniowa<\/p>\n<p>godz. 14.00. mgr\u00a0Jurij Smirnow (Lw\u00f3w), Witra\u017ce Jana Henryka Rosena (polski okres tw\u00f3rczo\u015bci 1925-1937).<\/p>\n<p>godz. 14.20. mgr\u00a0Ryszard Szopa (Bytom), Witra\u017ce III Rzeszy w\u00a0obecnych granicach Polski.<\/p>\n<p>godz. 14.40. mgr\u00a0Andrzej Wilk (Wroc\u0142aw), Zabytki techniki w\u00a0wybranych witra\u017cach Dolnego \u015al\u0105ska.<\/p>\n<p>godz. 15.00 \u2013 15.30 &#8211; przerwa<\/p>\n<p>godz. 15.30. arch. Beata Urbanowicz (Wroc\u0142aw), Wsp\u00f3\u0142czesne kompozycje witra\u017cowe w\u00a0architekturze<\/p>\n<p>godz. 15.50. arch. Tomasz Urbanowicz (Wroc\u0142aw), Autorskie szk\u0142a artystyczne do\u00a0architektury.<\/p>\n<p>godz. 16.10. dr\u00a0in\u017c.\u00a0arch. Aleksandra Satkiewicz-Parczewska (Szczecin), Znaczenie idei kompozycyjnej we\u00a0wsp\u00f3\u0142czesnym witra\u017cu sakralnym.<\/p>\n<p>godz. 16.30. mgr\u00a0in\u017c.\u00a0arch. Agnieszka Rek, (Szczecin), Wsp\u00f3\u0142czesne techniki witra\u017cowe w\u00a0obiektach architektury sakralnej \u2013 spotkanie tradycji ze\u00a0wsp\u00f3\u0142czesno\u015bci\u0105.<\/p>\n<p>godz. 16.50 \u2013 dyskusja godz.\u00a017.30 &#8211; walne zebranie cz\u0142onk\u00f3w SMW<\/p>\n","protected":false},"excerpt":{"rendered":"<p>&nbsp; &#8222;Witra\u017c w architekturze \u2013 architektura na witra\u017cu&#8221; Wroc\u0142aw 17-18 pa\u017adziernika 2003 Wsp\u00f3\u0142organizator: Muzeum Architektury we Wroc\u0142awiu [publikacja 2012] W dniach 17-18\u00a0pa\u017adziernika br.\u00a0we\u00a0wroc\u0142awskim Muzeum Architektury odb\u0119dzie si\u0119\u00a0III Konferencja Naukowa Stowarzyszenia Mi\u0142o\u015bnik\u00f3w Witra\u017cy pt.\u00a0Witra\u017c w\u00a0architekturze \u2013 architektura na\u00a0witra\u017cach. III Mi\u0119dzynarodowa Konferencja Naukowa po\u015bwi\u0119cona sztuce witra\u017cowej jest kontynuacj\u0105 dzia\u0142a\u0144 podj\u0119tych kilka lat temu, po\u00a0raz pierwszy w\u00a0czasach powojennych [&hellip;]<\/p>\n","protected":false},"author":1,"featured_media":1258,"comment_status":"closed","ping_status":"open","sticky":false,"template":"","format":"standard","meta":{"footnotes":""},"categories":[7],"tags":[],"class_list":["post-1191","post","type-post","status-publish","format-standard","has-post-thumbnail","hentry","category-konferencje"],"_links":{"self":[{"href":"https:\/\/arsvitrea.pl\/index.php\/wp-json\/wp\/v2\/posts\/1191","targetHints":{"allow":["GET"]}}],"collection":[{"href":"https:\/\/arsvitrea.pl\/index.php\/wp-json\/wp\/v2\/posts"}],"about":[{"href":"https:\/\/arsvitrea.pl\/index.php\/wp-json\/wp\/v2\/types\/post"}],"author":[{"embeddable":true,"href":"https:\/\/arsvitrea.pl\/index.php\/wp-json\/wp\/v2\/users\/1"}],"replies":[{"embeddable":true,"href":"https:\/\/arsvitrea.pl\/index.php\/wp-json\/wp\/v2\/comments?post=1191"}],"version-history":[{"count":0,"href":"https:\/\/arsvitrea.pl\/index.php\/wp-json\/wp\/v2\/posts\/1191\/revisions"}],"wp:featuredmedia":[{"embeddable":true,"href":"https:\/\/arsvitrea.pl\/index.php\/wp-json\/wp\/v2\/media\/1258"}],"wp:attachment":[{"href":"https:\/\/arsvitrea.pl\/index.php\/wp-json\/wp\/v2\/media?parent=1191"}],"wp:term":[{"taxonomy":"category","embeddable":true,"href":"https:\/\/arsvitrea.pl\/index.php\/wp-json\/wp\/v2\/categories?post=1191"},{"taxonomy":"post_tag","embeddable":true,"href":"https:\/\/arsvitrea.pl\/index.php\/wp-json\/wp\/v2\/tags?post=1191"}],"curies":[{"name":"wp","href":"https:\/\/api.w.org\/{rel}","templated":true}]}}