{"id":1187,"date":"1999-06-12T22:56:51","date_gmt":"1999-06-12T21:56:51","guid":{"rendered":"http:\/\/www.stowarzyszenie-witrazy.pl\/?p=1187"},"modified":"1999-06-12T22:56:51","modified_gmt":"1999-06-12T21:56:51","slug":"i-sesja-naukowa-krakow-1999-r","status":"publish","type":"post","link":"https:\/\/arsvitrea.pl\/index.php\/1999\/06\/12\/i-sesja-naukowa-krakow-1999-r\/","title":{"rendered":"I sesja naukowa &#8211; Krak\u00f3w 1999 r."},"content":{"rendered":"<h3>&#8222;Dziedzictwo polskiej sztuki witra\u017cowej. Stan bada\u0144&#8221;<\/h3>\n<p>Krak\u00f3w 12-13 czerwca 1999<\/p>\n<p>Wsp\u00f3\u0142organizatorzy: Muzeum Narodowe w Krakowie \u2013 Dom J\u00f3zefa Mehoffera i Konsulat Generalny Republiki Austrii w Krakowie [publikacja 2000]<\/p>\n<p><strong>Wyg\u0142oszone referaty<\/strong><\/p>\n<ul>\n<li><strong>Krakowski Zak\u0142ad Witra\u017c\u00f3w, Oszkle\u0144 Artystycznych i Mozaiki Szklanej S.G.\u017bele\u0144ski<\/strong> &#8211; Danuta Czapczy\u0144ska<\/li>\n<li><strong>Wybrane zagadnienia z zakresu konserwacji witra\u017cy<\/strong> &#8211; S\u0142awomir Oleszczuk<\/li>\n<li><strong>Witra\u017ce na \u015al\u0105sku w XIX i pierwszej po\u0142owie XX wieku<\/strong> &#8211; El\u017cbieta Gajewska-Prorok<\/li>\n<li><strong>Sztuka witra\u017cownicza w Krakowie w drugiej po\u0142owie XX wieku<\/strong> &#8211; Maria J.\u017bychowska<\/li>\n<li><strong>Witra\u017ce ko\u015bcio\u0142\u00f3w Kleparza &#8211; z prac nad katalogiem zabytk\u00f3w<\/strong> &#8211; Ma\u0142gorzata Reinhard-Chlanda<\/li>\n<li><strong>Tradycja i wsp\u00f3\u0142czesno\u015b\u0107 Pracowni Witra\u017cy Powalisz w Poznaniu<\/strong> &#8211; Jerzy Bardo\u0144ski<\/li>\n<li><strong>Emocjonalne oddzia\u0142ywanie barwnego \u015bwiat\u0142a w sztuce witra\u017cowej<\/strong> &#8211; Aleksandra Satkiewicz-Parczewska<\/li>\n<li><strong>Problematyka zewn\u0119trznych oszkle\u0144 ochronnych okien witra\u017cowych<\/strong> &#8211; Pawe\u0142 Karaszkiewicz<\/li>\n<li><strong>Witra\u017ce w bazylice limanowskiej<\/strong> &#8211; J\u00f3zef Szymon Wro\u0144ski<\/li>\n<li><strong>Ikonografia witra\u017cy nowo\u017cytnych malowanych emaliami<\/strong> &#8211; Ewa Letkiewicz<\/li>\n<li><strong>Witra\u017ce w kamienicach krakowskich z prze\u0142omu wiek\u00f3w XIX\/XX<\/strong> &#8211; Krystyna Paw\u0142owska<\/li>\n<li><strong>Dzia\u0142alno\u015b\u0107 krakowskiego Zak\u0142adu Witra\u017c\u00f3w i Mozaik W\u0142adys\u0142awa Ekielskiego i Antoniego Tucha<\/strong> &#8211; Andrzej Laskowski<\/li>\n<li><strong>Witra\u017ce \u0142\u00f3dzkiej architektury \u015bwieckiej<\/strong> &#8211; Tadeusz Byczko<\/li>\n<li><strong>Instytut Witra\u017cowy Adolpha Seidlera we Wroc\u0142awiu<\/strong> &#8211; Magda \u0141awicka<\/li>\n<li><strong>Szk\u0142a sensorowe w konserwacji witra\u017cy<\/strong> &#8211; El\u017cbieta Greiner-Wronowa, Leszek Stoch<\/li>\n<li><strong>J\u00f3zef Mehoffer &#8211; wystawa w Muzeum Narodowym w Krakowie, XII 1999 &#8211; II 2000<\/strong> &#8211; Joanna Wapiennik-Kossowicz<\/li>\n<li><strong>Oszklenia witra\u017cowe wykonane przez Krakowski Zak\u0142ad Witra\u017cy i Mozaiki S.G.\u017bele\u0144skiego w kamienicach lwowskich<\/strong> &#8211; Rotys\u0142awa Hrymaluk<\/li>\n<li><strong>Witra\u017ce Adama Ger\u017cabka<\/strong> &#8211; Bernadeta Stano<\/li>\n<li><strong>Z prac nad s\u0142ownikiem historycznym firm witra\u017cowych w Polsce w XX wieku<\/strong> &#8211; Szymon \u015awi\u0105tek<\/li>\n<li><strong>Witra\u017ce J\u00f3zefa Mehoffera w katedrze na Wawelu<\/strong> &#8211; Anna Ze\u0144czak<\/li>\n<li><strong>Stan bada\u0144 nad \u015bredniowiecznym malarstwem witra\u017cowym w Ma\u0142opolsce<\/strong> &#8211; Helena Ma\u0142kiewicz\u00f3wna<\/li>\n<li><strong>\u0141\u00f3dzkie witra\u017ce prze\u0142omu stuleci &#8211; zagadnienia atrybucji i ikonografii<\/strong> &#8211; Jan Dominikowski<\/li>\n<li><strong>Witra\u017ce z sali rajc\u00f3w jaworskiego ratusza<\/strong> &#8211; Barbara Skoczylas-Stadnik<\/li>\n<\/ul>\n<p>&nbsp;<\/p>\n<p>&nbsp;<\/p>\n<p>&nbsp;<\/p>\n","protected":false},"excerpt":{"rendered":"<p>&#8222;Dziedzictwo polskiej sztuki witra\u017cowej. Stan bada\u0144&#8221; Krak\u00f3w 12-13 czerwca 1999 Wsp\u00f3\u0142organizatorzy: Muzeum Narodowe w Krakowie \u2013 Dom J\u00f3zefa Mehoffera i Konsulat Generalny Republiki Austrii w Krakowie [publikacja 2000] Wyg\u0142oszone referaty Krakowski Zak\u0142ad Witra\u017c\u00f3w, Oszkle\u0144 Artystycznych i Mozaiki Szklanej S.G.\u017bele\u0144ski &#8211; Danuta Czapczy\u0144ska Wybrane zagadnienia z zakresu konserwacji witra\u017cy &#8211; S\u0142awomir Oleszczuk Witra\u017ce na \u015al\u0105sku w [&hellip;]<\/p>\n","protected":false},"author":1,"featured_media":1266,"comment_status":"closed","ping_status":"open","sticky":false,"template":"","format":"standard","meta":{"footnotes":""},"categories":[7],"tags":[],"class_list":["post-1187","post","type-post","status-publish","format-standard","has-post-thumbnail","hentry","category-konferencje"],"_links":{"self":[{"href":"https:\/\/arsvitrea.pl\/index.php\/wp-json\/wp\/v2\/posts\/1187","targetHints":{"allow":["GET"]}}],"collection":[{"href":"https:\/\/arsvitrea.pl\/index.php\/wp-json\/wp\/v2\/posts"}],"about":[{"href":"https:\/\/arsvitrea.pl\/index.php\/wp-json\/wp\/v2\/types\/post"}],"author":[{"embeddable":true,"href":"https:\/\/arsvitrea.pl\/index.php\/wp-json\/wp\/v2\/users\/1"}],"replies":[{"embeddable":true,"href":"https:\/\/arsvitrea.pl\/index.php\/wp-json\/wp\/v2\/comments?post=1187"}],"version-history":[{"count":0,"href":"https:\/\/arsvitrea.pl\/index.php\/wp-json\/wp\/v2\/posts\/1187\/revisions"}],"wp:featuredmedia":[{"embeddable":true,"href":"https:\/\/arsvitrea.pl\/index.php\/wp-json\/wp\/v2\/media\/1266"}],"wp:attachment":[{"href":"https:\/\/arsvitrea.pl\/index.php\/wp-json\/wp\/v2\/media?parent=1187"}],"wp:term":[{"taxonomy":"category","embeddable":true,"href":"https:\/\/arsvitrea.pl\/index.php\/wp-json\/wp\/v2\/categories?post=1187"},{"taxonomy":"post_tag","embeddable":true,"href":"https:\/\/arsvitrea.pl\/index.php\/wp-json\/wp\/v2\/tags?post=1187"}],"curies":[{"name":"wp","href":"https:\/\/api.w.org\/{rel}","templated":true}]}}